{"id":11804,"date":"2018-08-09T17:12:19","date_gmt":"2018-08-09T15:12:19","guid":{"rendered":"https:\/\/www.retarus.com\/blog\/de\/?p=11804"},"modified":"2019-05-15T14:01:28","modified_gmt":"2019-05-15T12:01:28","slug":"fax-ist-fuer-viele-nach-wie-vor-unverzichtbar","status":"publish","type":"post","link":"https:\/\/www.retarus.com\/blog\/de\/fax-ist-fuer-viele-nach-wie-vor-unverzichtbar\/","title":{"rendered":"Fax ist f\u00fcr viele nach wie vor unverzichtbar"},"content":{"rendered":"<p>Die \u201eWirtschaftsWoche\u201c berichtet in ihrer aktuellen Ausgabe \u00fcber das vermeintlich r\u00fcckst\u00e4ndige Deutschland, wo immer noch emsig gefaxt wird.<\/p>\n<p>Die <a href=\"https:\/\/www.wiwo.de\/technologie\/digitale-welt\/kommunikation-in-deutschen-unternehmen-warum-das-faxgeraet-einfach-nicht-ausstirbt\/22868330-all.html\">Reportage mit dem Titel \u201eWarum das Faxger\u00e4t einfach nicht ausstirbt\u201c<\/a> ist mittlerweile jenseits der Bezahlschranke auch f\u00fcr Nichtabonnenten in voller L\u00e4nge lesbar und besch\u00e4ftigt sich zu einem Gutteil auch mit Retarus \u2013 und damit, was unsere keineswegs nur in Deutschland ans\u00e4ssigen Kunden alles mit Fax (dem Protokoll, nicht dem -ger\u00e4t) anstellen <a href=\"https:\/\/www.retarus.com\/de\/fax-inbound-digitizing-incoming-documents\/\">im Rahmen ihrer Gesch\u00e4ftsprozesse<\/a>. Weswegen wir Ihnen den Beitrag nat\u00fcrlich zur wohlwollenden Lekt\u00fcre herzlich anempfehlen m\u00f6chten \u2013 auch wenn <a href=\"https:\/\/www.wiwo.de\/technologie\/digitale-welt\/kommunikation-in-deutschen-unternehmen-warum-das-faxgeraet-einfach-nicht-ausstirbt\/22868330-all.html\">in der Online-Version<\/a> das liebevoll gestaltete Print-Layout in Faxanmutung leider verloren geht.<\/p>\n<p>Fax ist aber nat\u00fcrlich nur eines von mehreren Standbeinen von Retarus: f\u00fcr Unternehmenskunden haben wir noch jede Menge weitere Kommunikationsdienste auch aus den Bereichen E-Mail, Business Integration Services (u.a. EDI) sowie SMS im Angebot. Weiterf\u00fchrende Informationen finden Interessierte unter anderem hier im Retarus Corporate Blog, das Sie nat\u00fcrlich auch <a href=\"https:\/\/www.retarus.com\/blog\/de\/feed\/\">als RSS-Feed abonnieren<\/a> k\u00f6nnen, auf <a href=\"https:\/\/www.retarus.com\/de\/\">unserer Website<\/a>, in unserem <a href=\"https:\/\/www.retarus.com\/de\/newsletter\/\">Newsletter \u201eNewsHub Update\u201c<\/a> und last, but not least nat\u00fcrlich bei Ihrem <a href=\"https:\/\/www.retarus.com\/de\/contact\/\">Ansprechpartner vor Ort<\/a>.<\/p>\n","protected":false},"excerpt":{"rendered":"<p>Die \u201eWirtschaftsWoche\u201c berichtet in ihrer aktuellen Ausgabe \u00fcber das vermeintlich r\u00fcckst\u00e4ndige Deutschland, wo immer noch emsig gefaxt wird.<\/p>\n","protected":false},"author":14,"featured_media":11807,"comment_status":"closed","ping_status":"closed","sticky":false,"template":"","format":"standard","meta":{"_acf_changed":false,"_et_pb_use_builder":"","_et_pb_old_content":"","_et_gb_content_width":"","_s2mail":"","footnotes":""},"categories":[334,7],"tags":[3616],"class_list":["post-11804","post","type-post","status-publish","format-standard","has-post-thumbnail","hentry","category-ref-fax","category-news","tag-cloud-fax"],"acf":[],"yoast_head":"<!-- This site is optimized with the Yoast SEO Premium plugin v27.5 (Yoast SEO v27.5) - https:\/\/yoast.com\/product\/yoast-seo-premium-wordpress\/ -->\n<title>Fax ist f\u00fcr viele nach wie vor unverzichtbar - Retarus Corporate Blog - DE<\/title>\n<meta name=\"robots\" content=\"index, follow, max-snippet:-1, max-image-preview:large, max-video-preview:-1\" \/>\n<link rel=\"canonical\" href=\"https:\/\/www.retarus.com\/blog\/de\/fax-ist-fuer-viele-nach-wie-vor-unverzichtbar\/\" \/>\n<meta property=\"og:locale\" content=\"de_DE\" \/>\n<meta property=\"og:type\" content=\"article\" \/>\n<meta property=\"og:title\" content=\"Fax ist f\u00fcr viele nach wie vor unverzichtbar\" \/>\n<meta property=\"og:description\" content=\"Die \u201eWirtschaftsWoche\u201c berichtet in ihrer aktuellen Ausgabe \u00fcber das vermeintlich r\u00fcckst\u00e4ndige Deutschland, wo immer noch emsig gefaxt wird.\" \/>\n<meta property=\"og:url\" content=\"https:\/\/www.retarus.com\/blog\/de\/fax-ist-fuer-viele-nach-wie-vor-unverzichtbar\/\" \/>\n<meta property=\"og:site_name\" content=\"Retarus Corporate Blog - DE\" \/>\n<meta property=\"article:published_time\" content=\"2018-08-09T15:12:19+00:00\" \/>\n<meta property=\"article:modified_time\" content=\"2019-05-15T12:01:28+00:00\" \/>\n<meta property=\"og:image\" content=\"https:\/\/www.retarus.com\/blog\/de\/wp-content\/uploads\/sites\/4\/2018\/08\/wiwo-screenshot.png\" \/>\n\t<meta property=\"og:image:width\" content=\"1920\" \/>\n\t<meta property=\"og:image:height\" content=\"1080\" \/>\n\t<meta property=\"og:image:type\" content=\"image\/png\" \/>\n<meta name=\"author\" content=\"Thomas Cloer\" \/>\n<meta name=\"twitter:card\" content=\"summary_large_image\" \/>\n<meta name=\"twitter:label1\" content=\"Verfasst von\" \/>\n\t<meta name=\"twitter:data1\" content=\"Thomas Cloer\" \/>\n\t<meta name=\"twitter:label2\" content=\"Gesch\u00e4tzte Lesezeit\" \/>\n\t<meta name=\"twitter:data2\" content=\"1\u00a0Minute\" \/>\n<script type=\"application\/ld+json\" class=\"yoast-schema-graph\">{\"@context\":\"https:\\\/\\\/schema.org\",\"@graph\":[{\"@type\":\"Article\",\"@id\":\"https:\\\/\\\/www.retarus.com\\\/blog\\\/de\\\/fax-ist-fuer-viele-nach-wie-vor-unverzichtbar\\\/#article\",\"isPartOf\":{\"@id\":\"https:\\\/\\\/www.retarus.com\\\/blog\\\/de\\\/fax-ist-fuer-viele-nach-wie-vor-unverzichtbar\\\/\"},\"author\":{\"name\":\"Thomas Cloer\",\"@id\":\"https:\\\/\\\/www.retarus.com\\\/blog\\\/de\\\/#\\\/schema\\\/person\\\/7f8954d8bf84d75cf384942c5f6cf2e5\"},\"headline\":\"Fax ist f\u00fcr viele nach wie vor unverzichtbar\",\"datePublished\":\"2018-08-09T15:12:19+00:00\",\"dateModified\":\"2019-05-15T12:01:28+00:00\",\"mainEntityOfPage\":{\"@id\":\"https:\\\/\\\/www.retarus.com\\\/blog\\\/de\\\/fax-ist-fuer-viele-nach-wie-vor-unverzichtbar\\\/\"},\"wordCount\":199,\"image\":{\"@id\":\"https:\\\/\\\/www.retarus.com\\\/blog\\\/de\\\/fax-ist-fuer-viele-nach-wie-vor-unverzichtbar\\\/#primaryimage\"},\"thumbnailUrl\":\"https:\\\/\\\/www.retarus.com\\\/blog\\\/de\\\/wp-content\\\/uploads\\\/sites\\\/4\\\/2018\\\/08\\\/wiwo-screenshot.png\",\"keywords\":[\"Cloud Fax\"],\"articleSection\":[\"Fax\",\"News\"],\"inLanguage\":\"de\"},{\"@type\":\"WebPage\",\"@id\":\"https:\\\/\\\/www.retarus.com\\\/blog\\\/de\\\/fax-ist-fuer-viele-nach-wie-vor-unverzichtbar\\\/\",\"url\":\"https:\\\/\\\/www.retarus.com\\\/blog\\\/de\\\/fax-ist-fuer-viele-nach-wie-vor-unverzichtbar\\\/\",\"name\":\"Fax ist f\u00fcr viele nach wie vor unverzichtbar - Retarus Corporate Blog - DE\",\"isPartOf\":{\"@id\":\"https:\\\/\\\/www.retarus.com\\\/blog\\\/de\\\/#website\"},\"primaryImageOfPage\":{\"@id\":\"https:\\\/\\\/www.retarus.com\\\/blog\\\/de\\\/fax-ist-fuer-viele-nach-wie-vor-unverzichtbar\\\/#primaryimage\"},\"image\":{\"@id\":\"https:\\\/\\\/www.retarus.com\\\/blog\\\/de\\\/fax-ist-fuer-viele-nach-wie-vor-unverzichtbar\\\/#primaryimage\"},\"thumbnailUrl\":\"https:\\\/\\\/www.retarus.com\\\/blog\\\/de\\\/wp-content\\\/uploads\\\/sites\\\/4\\\/2018\\\/08\\\/wiwo-screenshot.png\",\"datePublished\":\"2018-08-09T15:12:19+00:00\",\"dateModified\":\"2019-05-15T12:01:28+00:00\",\"author\":{\"@id\":\"https:\\\/\\\/www.retarus.com\\\/blog\\\/de\\\/#\\\/schema\\\/person\\\/7f8954d8bf84d75cf384942c5f6cf2e5\"},\"breadcrumb\":{\"@id\":\"https:\\\/\\\/www.retarus.com\\\/blog\\\/de\\\/fax-ist-fuer-viele-nach-wie-vor-unverzichtbar\\\/#breadcrumb\"},\"inLanguage\":\"de\",\"potentialAction\":[{\"@type\":\"ReadAction\",\"target\":[\"https:\\\/\\\/www.retarus.com\\\/blog\\\/de\\\/fax-ist-fuer-viele-nach-wie-vor-unverzichtbar\\\/\"]}]},{\"@type\":\"ImageObject\",\"inLanguage\":\"de\",\"@id\":\"https:\\\/\\\/www.retarus.com\\\/blog\\\/de\\\/fax-ist-fuer-viele-nach-wie-vor-unverzichtbar\\\/#primaryimage\",\"url\":\"https:\\\/\\\/www.retarus.com\\\/blog\\\/de\\\/wp-content\\\/uploads\\\/sites\\\/4\\\/2018\\\/08\\\/wiwo-screenshot.png\",\"contentUrl\":\"https:\\\/\\\/www.retarus.com\\\/blog\\\/de\\\/wp-content\\\/uploads\\\/sites\\\/4\\\/2018\\\/08\\\/wiwo-screenshot.png\",\"width\":1920,\"height\":1080,\"caption\":\"Screenshot wiwo.de mit Fax-Artikel\"},{\"@type\":\"BreadcrumbList\",\"@id\":\"https:\\\/\\\/www.retarus.com\\\/blog\\\/de\\\/fax-ist-fuer-viele-nach-wie-vor-unverzichtbar\\\/#breadcrumb\",\"itemListElement\":[{\"@type\":\"ListItem\",\"position\":1,\"name\":\"Home\",\"item\":\"https:\\\/\\\/www.retarus.com\\\/blog\\\/de\\\/\"},{\"@type\":\"ListItem\",\"position\":2,\"name\":\"Fax ist f\u00fcr viele nach wie vor unverzichtbar\"}]},{\"@type\":\"WebSite\",\"@id\":\"https:\\\/\\\/www.retarus.com\\\/blog\\\/de\\\/#website\",\"url\":\"https:\\\/\\\/www.retarus.com\\\/blog\\\/de\\\/\",\"name\":\"Retarus Corporate Blog - DE\",\"description\":\"Immer up-to-date\",\"potentialAction\":[{\"@type\":\"SearchAction\",\"target\":{\"@type\":\"EntryPoint\",\"urlTemplate\":\"https:\\\/\\\/www.retarus.com\\\/blog\\\/de\\\/?s={search_term_string}\"},\"query-input\":{\"@type\":\"PropertyValueSpecification\",\"valueRequired\":true,\"valueName\":\"search_term_string\"}}],\"inLanguage\":\"de\"},{\"@type\":\"Person\",\"@id\":\"https:\\\/\\\/www.retarus.com\\\/blog\\\/de\\\/#\\\/schema\\\/person\\\/7f8954d8bf84d75cf384942c5f6cf2e5\",\"name\":\"Thomas Cloer\",\"url\":\"https:\\\/\\\/www.retarus.com\\\/blog\\\/de\\\/author\\\/thomasc\\\/\"}]}<\/script>\n<!-- \/ Yoast SEO Premium plugin. -->","yoast_head_json":{"title":"Fax ist f\u00fcr viele nach wie vor unverzichtbar - Retarus Corporate Blog - DE","robots":{"index":"index","follow":"follow","max-snippet":"max-snippet:-1","max-image-preview":"max-image-preview:large","max-video-preview":"max-video-preview:-1"},"canonical":"https:\/\/www.retarus.com\/blog\/de\/fax-ist-fuer-viele-nach-wie-vor-unverzichtbar\/","og_locale":"de_DE","og_type":"article","og_title":"Fax ist f\u00fcr viele nach wie vor unverzichtbar","og_description":"Die \u201eWirtschaftsWoche\u201c berichtet in ihrer aktuellen Ausgabe \u00fcber das vermeintlich r\u00fcckst\u00e4ndige Deutschland, wo immer noch emsig gefaxt wird.","og_url":"https:\/\/www.retarus.com\/blog\/de\/fax-ist-fuer-viele-nach-wie-vor-unverzichtbar\/","og_site_name":"Retarus Corporate Blog - DE","article_published_time":"2018-08-09T15:12:19+00:00","article_modified_time":"2019-05-15T12:01:28+00:00","og_image":[{"width":1920,"height":1080,"url":"https:\/\/www.retarus.com\/blog\/de\/wp-content\/uploads\/sites\/4\/2018\/08\/wiwo-screenshot.png","type":"image\/png"}],"author":"Thomas Cloer","twitter_card":"summary_large_image","twitter_misc":{"Verfasst von":"Thomas Cloer","Gesch\u00e4tzte Lesezeit":"1\u00a0Minute"},"schema":{"@context":"https:\/\/schema.org","@graph":[{"@type":"Article","@id":"https:\/\/www.retarus.com\/blog\/de\/fax-ist-fuer-viele-nach-wie-vor-unverzichtbar\/#article","isPartOf":{"@id":"https:\/\/www.retarus.com\/blog\/de\/fax-ist-fuer-viele-nach-wie-vor-unverzichtbar\/"},"author":{"name":"Thomas Cloer","@id":"https:\/\/www.retarus.com\/blog\/de\/#\/schema\/person\/7f8954d8bf84d75cf384942c5f6cf2e5"},"headline":"Fax ist f\u00fcr viele nach wie vor unverzichtbar","datePublished":"2018-08-09T15:12:19+00:00","dateModified":"2019-05-15T12:01:28+00:00","mainEntityOfPage":{"@id":"https:\/\/www.retarus.com\/blog\/de\/fax-ist-fuer-viele-nach-wie-vor-unverzichtbar\/"},"wordCount":199,"image":{"@id":"https:\/\/www.retarus.com\/blog\/de\/fax-ist-fuer-viele-nach-wie-vor-unverzichtbar\/#primaryimage"},"thumbnailUrl":"https:\/\/www.retarus.com\/blog\/de\/wp-content\/uploads\/sites\/4\/2018\/08\/wiwo-screenshot.png","keywords":["Cloud Fax"],"articleSection":["Fax","News"],"inLanguage":"de"},{"@type":"WebPage","@id":"https:\/\/www.retarus.com\/blog\/de\/fax-ist-fuer-viele-nach-wie-vor-unverzichtbar\/","url":"https:\/\/www.retarus.com\/blog\/de\/fax-ist-fuer-viele-nach-wie-vor-unverzichtbar\/","name":"Fax ist f\u00fcr viele nach wie vor unverzichtbar - Retarus Corporate Blog - DE","isPartOf":{"@id":"https:\/\/www.retarus.com\/blog\/de\/#website"},"primaryImageOfPage":{"@id":"https:\/\/www.retarus.com\/blog\/de\/fax-ist-fuer-viele-nach-wie-vor-unverzichtbar\/#primaryimage"},"image":{"@id":"https:\/\/www.retarus.com\/blog\/de\/fax-ist-fuer-viele-nach-wie-vor-unverzichtbar\/#primaryimage"},"thumbnailUrl":"https:\/\/www.retarus.com\/blog\/de\/wp-content\/uploads\/sites\/4\/2018\/08\/wiwo-screenshot.png","datePublished":"2018-08-09T15:12:19+00:00","dateModified":"2019-05-15T12:01:28+00:00","author":{"@id":"https:\/\/www.retarus.com\/blog\/de\/#\/schema\/person\/7f8954d8bf84d75cf384942c5f6cf2e5"},"breadcrumb":{"@id":"https:\/\/www.retarus.com\/blog\/de\/fax-ist-fuer-viele-nach-wie-vor-unverzichtbar\/#breadcrumb"},"inLanguage":"de","potentialAction":[{"@type":"ReadAction","target":["https:\/\/www.retarus.com\/blog\/de\/fax-ist-fuer-viele-nach-wie-vor-unverzichtbar\/"]}]},{"@type":"ImageObject","inLanguage":"de","@id":"https:\/\/www.retarus.com\/blog\/de\/fax-ist-fuer-viele-nach-wie-vor-unverzichtbar\/#primaryimage","url":"https:\/\/www.retarus.com\/blog\/de\/wp-content\/uploads\/sites\/4\/2018\/08\/wiwo-screenshot.png","contentUrl":"https:\/\/www.retarus.com\/blog\/de\/wp-content\/uploads\/sites\/4\/2018\/08\/wiwo-screenshot.png","width":1920,"height":1080,"caption":"Screenshot wiwo.de mit Fax-Artikel"},{"@type":"BreadcrumbList","@id":"https:\/\/www.retarus.com\/blog\/de\/fax-ist-fuer-viele-nach-wie-vor-unverzichtbar\/#breadcrumb","itemListElement":[{"@type":"ListItem","position":1,"name":"Home","item":"https:\/\/www.retarus.com\/blog\/de\/"},{"@type":"ListItem","position":2,"name":"Fax ist f\u00fcr viele nach wie vor unverzichtbar"}]},{"@type":"WebSite","@id":"https:\/\/www.retarus.com\/blog\/de\/#website","url":"https:\/\/www.retarus.com\/blog\/de\/","name":"Retarus Corporate Blog - DE","description":"Immer up-to-date","potentialAction":[{"@type":"SearchAction","target":{"@type":"EntryPoint","urlTemplate":"https:\/\/www.retarus.com\/blog\/de\/?s={search_term_string}"},"query-input":{"@type":"PropertyValueSpecification","valueRequired":true,"valueName":"search_term_string"}}],"inLanguage":"de"},{"@type":"Person","@id":"https:\/\/www.retarus.com\/blog\/de\/#\/schema\/person\/7f8954d8bf84d75cf384942c5f6cf2e5","name":"Thomas Cloer","url":"https:\/\/www.retarus.com\/blog\/de\/author\/thomasc\/"}]}},"_links":{"self":[{"href":"https:\/\/www.retarus.com\/blog\/de\/wp-json\/wp\/v2\/posts\/11804","targetHints":{"allow":["GET"]}}],"collection":[{"href":"https:\/\/www.retarus.com\/blog\/de\/wp-json\/wp\/v2\/posts"}],"about":[{"href":"https:\/\/www.retarus.com\/blog\/de\/wp-json\/wp\/v2\/types\/post"}],"author":[{"embeddable":true,"href":"https:\/\/www.retarus.com\/blog\/de\/wp-json\/wp\/v2\/users\/14"}],"replies":[{"embeddable":true,"href":"https:\/\/www.retarus.com\/blog\/de\/wp-json\/wp\/v2\/comments?post=11804"}],"version-history":[{"count":4,"href":"https:\/\/www.retarus.com\/blog\/de\/wp-json\/wp\/v2\/posts\/11804\/revisions"}],"predecessor-version":[{"id":13071,"href":"https:\/\/www.retarus.com\/blog\/de\/wp-json\/wp\/v2\/posts\/11804\/revisions\/13071"}],"wp:featuredmedia":[{"embeddable":true,"href":"https:\/\/www.retarus.com\/blog\/de\/wp-json\/wp\/v2\/media\/11807"}],"wp:attachment":[{"href":"https:\/\/www.retarus.com\/blog\/de\/wp-json\/wp\/v2\/media?parent=11804"}],"wp:term":[{"taxonomy":"category","embeddable":true,"href":"https:\/\/www.retarus.com\/blog\/de\/wp-json\/wp\/v2\/categories?post=11804"},{"taxonomy":"post_tag","embeddable":true,"href":"https:\/\/www.retarus.com\/blog\/de\/wp-json\/wp\/v2\/tags?post=11804"}],"curies":[{"name":"wp","href":"https:\/\/api.w.org\/{rel}","templated":true}]}}