{"id":16340,"date":"2022-03-04T12:44:24","date_gmt":"2022-03-04T11:44:24","guid":{"rendered":"https:\/\/www.retarus.com\/blog\/de\/?p=16340"},"modified":"2024-04-15T13:46:39","modified_gmt":"2024-04-15T11:46:39","slug":"so-arbeiten-wir-in-zukunft","status":"publish","type":"post","link":"https:\/\/www.retarus.com\/blog\/de\/so-arbeiten-wir-in-zukunft\/","title":{"rendered":"So arbeiten wir in Zukunft"},"content":{"rendered":"\n<p>2 Millionen Euro investiert Retarus gerade in die Modernisierung seiner Firmenzentrale in M\u00fcnchen. Die neue Aufteilung der B\u00fcrofl\u00e4chen und die neue M\u00f6blierung stehen ganz im Zeichen von \u201eNew Work\u201c, der neuen hybriden Arbeitswirklichkeit w\u00e4hrend und nach der COVID-19-Pandemie.<\/p>\n\n\n\n<p>Ein B\u00fcro zum Wohlf\u00fchlen, das will Retarus-Chef Martin Hager seinen Mitarbeitern bieten. Weil er nur zu gut wei\u00df, dass er im Kampf um die besten K\u00f6pfe in M\u00fcnchen unter anderem mit Amazon, Apple, Google und Microsoft konkurriert.<\/p>\n\n\n\n<p>Retarus setzt <a href=\"https:\/\/www.retarus.com\/blog\/de\/wir-schreiben-unsere-flexibilitaet-fest\/\">f\u00fcr das neue Arbeiten<\/a> auf Vertrauen statt Kontrolle, auf Freiheit statt Pr\u00e4senzpflicht. \u201eBei uns kann man zwischen einem und f\u00fcnf Tagen im B\u00fcro oder daheim arbeiten\u201c, sagt Martin Hager. J\u00fcngere und neu in die Firma gekommene Mitarbeiter kommen gern \u00f6fter ins B\u00fcro, langj\u00e4hrigere \u201eRetarier\u201c w\u00fcnschen sich tendenziell weniger feste Vorgaben vom Unternehmen. Die neue, luftigere B\u00fcroeinrichtung (die Fl\u00e4che wurde wohlgemerkt nicht verkleinert!) ist mithin darauf ausgelegt, dass nicht mehr wie fr\u00fcher alle gleichzeitig pr\u00e4sent sind.<\/p>\n\n\n\n<p>Der Bayerische Rundfunk hat sich den Umbau und die Atmosph\u00e4re bei Retarus f\u00fcr sein Wirtschaftsmagazin \u201emehr\/wert\u201c genauer angesehen und den Beitrag zum Thema \u201eB\u00fcro der Zukunft: Wo und wie wir k\u00fcnftig arbeiten\u201c gestern Abend ausgestrahlt. F\u00fcr alle, die die Sendung linear verpasst haben, kommt hier die Konserve:<\/p>\n\n\n\n<div style=\"height:20px\" aria-hidden=\"true\" class=\"wp-block-spacer\"><\/div>\n\n\n\n<figure class=\"wp-block-video\"><video controls src=\"https:\/\/www.retarus.com\/wp-content\/uploads\/videos\/mehrwert.mp4\"><\/video><\/figure>\n\n\n\n<div style=\"height:10px\" aria-hidden=\"true\" class=\"wp-block-spacer\"><\/div>\n","protected":false},"excerpt":{"rendered":"<p>2 Millionen Euro investiert Retarus gerade in die Modernisierung seiner Firmenzentrale in M\u00fcnchen. Die neue Aufteilung der B\u00fcrofl\u00e4chen und die neue M\u00f6blierung stehen ganz im Zeichen von \u201eNew Work\u201c, der neuen hybriden Arbeitswirklichkeit w\u00e4hrend und nach der COVID-19-Pandemie.<\/p>\n","protected":false},"author":14,"featured_media":16342,"comment_status":"open","ping_status":"open","sticky":false,"template":"","format":"standard","meta":{"_acf_changed":false,"_et_pb_use_builder":"","_et_pb_old_content":"","_et_gb_content_width":"","_s2mail":"yes","footnotes":""},"categories":[7],"tags":[],"class_list":["post-16340","post","type-post","status-publish","format-standard","has-post-thumbnail","hentry","category-news"],"acf":[],"yoast_head":"<!-- This site is optimized with the Yoast SEO Premium plugin v27.5 (Yoast SEO v27.5) - https:\/\/yoast.com\/product\/yoast-seo-premium-wordpress\/ -->\n<title>So arbeiten wir in Zukunft - Retarus Corporate Blog - DE<\/title>\n<meta name=\"description\" content=\"2 Millionen Euro investiert Retarus gerade in die Modernisierung seiner Firmenzentrale in M\u00fcnchen. Die neue Aufteilung der B\u00fcrofl\u00e4chen und die neue M\u00f6blierung stehen ganz im Zeichen von \u201eNew Work\u201c, der neuen hybriden Arbeitswirklichkeit w\u00e4hrend und nach der COVID-19-Pandemie.\" \/>\n<meta name=\"robots\" content=\"index, follow, max-snippet:-1, max-image-preview:large, max-video-preview:-1\" \/>\n<link rel=\"canonical\" href=\"https:\/\/www.retarus.com\/blog\/de\/so-arbeiten-wir-in-zukunft\/\" \/>\n<meta property=\"og:locale\" content=\"de_DE\" \/>\n<meta property=\"og:type\" content=\"article\" \/>\n<meta property=\"og:title\" content=\"So arbeiten wir in Zukunft\" \/>\n<meta property=\"og:description\" content=\"2 Millionen Euro investiert Retarus gerade in die Modernisierung seiner Firmenzentrale in M\u00fcnchen. Die neue Aufteilung der B\u00fcrofl\u00e4chen und die neue M\u00f6blierung stehen ganz im Zeichen von \u201eNew Work\u201c, der neuen hybriden Arbeitswirklichkeit w\u00e4hrend und nach der COVID-19-Pandemie.\" \/>\n<meta property=\"og:url\" content=\"https:\/\/www.retarus.com\/blog\/de\/so-arbeiten-wir-in-zukunft\/\" \/>\n<meta property=\"og:site_name\" content=\"Retarus Corporate Blog - DE\" \/>\n<meta property=\"article:published_time\" content=\"2022-03-04T11:44:24+00:00\" \/>\n<meta property=\"article:modified_time\" content=\"2024-04-15T11:46:39+00:00\" \/>\n<meta property=\"og:image\" content=\"https:\/\/www.retarus.com\/blog\/de\/wp-content\/uploads\/sites\/4\/2022\/03\/jenny_im_buero.jpg\" \/>\n\t<meta property=\"og:image:width\" content=\"2560\" \/>\n\t<meta property=\"og:image:height\" content=\"1440\" \/>\n\t<meta property=\"og:image:type\" content=\"image\/jpeg\" \/>\n<meta name=\"author\" content=\"Thomas Cloer\" \/>\n<meta name=\"twitter:card\" content=\"summary_large_image\" \/>\n<meta name=\"twitter:label1\" content=\"Verfasst von\" \/>\n\t<meta name=\"twitter:data1\" content=\"Thomas Cloer\" \/>\n\t<meta name=\"twitter:label2\" content=\"Gesch\u00e4tzte Lesezeit\" \/>\n\t<meta name=\"twitter:data2\" content=\"2\u00a0Minuten\" \/>\n<script type=\"application\/ld+json\" class=\"yoast-schema-graph\">{\"@context\":\"https:\\\/\\\/schema.org\",\"@graph\":[{\"@type\":\"Article\",\"@id\":\"https:\\\/\\\/www.retarus.com\\\/blog\\\/de\\\/so-arbeiten-wir-in-zukunft\\\/#article\",\"isPartOf\":{\"@id\":\"https:\\\/\\\/www.retarus.com\\\/blog\\\/de\\\/so-arbeiten-wir-in-zukunft\\\/\"},\"author\":{\"name\":\"Thomas Cloer\",\"@id\":\"https:\\\/\\\/www.retarus.com\\\/blog\\\/de\\\/#\\\/schema\\\/person\\\/7f8954d8bf84d75cf384942c5f6cf2e5\"},\"headline\":\"So arbeiten wir in Zukunft\",\"datePublished\":\"2022-03-04T11:44:24+00:00\",\"dateModified\":\"2024-04-15T11:46:39+00:00\",\"mainEntityOfPage\":{\"@id\":\"https:\\\/\\\/www.retarus.com\\\/blog\\\/de\\\/so-arbeiten-wir-in-zukunft\\\/\"},\"wordCount\":231,\"commentCount\":0,\"image\":{\"@id\":\"https:\\\/\\\/www.retarus.com\\\/blog\\\/de\\\/so-arbeiten-wir-in-zukunft\\\/#primaryimage\"},\"thumbnailUrl\":\"https:\\\/\\\/www.retarus.com\\\/blog\\\/de\\\/wp-content\\\/uploads\\\/sites\\\/4\\\/2022\\\/03\\\/jenny_im_buero.jpg\",\"articleSection\":[\"News\"],\"inLanguage\":\"de\",\"potentialAction\":[{\"@type\":\"CommentAction\",\"name\":\"Comment\",\"target\":[\"https:\\\/\\\/www.retarus.com\\\/blog\\\/de\\\/so-arbeiten-wir-in-zukunft\\\/#respond\"]}]},{\"@type\":\"WebPage\",\"@id\":\"https:\\\/\\\/www.retarus.com\\\/blog\\\/de\\\/so-arbeiten-wir-in-zukunft\\\/\",\"url\":\"https:\\\/\\\/www.retarus.com\\\/blog\\\/de\\\/so-arbeiten-wir-in-zukunft\\\/\",\"name\":\"So arbeiten wir in Zukunft - Retarus Corporate Blog - DE\",\"isPartOf\":{\"@id\":\"https:\\\/\\\/www.retarus.com\\\/blog\\\/de\\\/#website\"},\"primaryImageOfPage\":{\"@id\":\"https:\\\/\\\/www.retarus.com\\\/blog\\\/de\\\/so-arbeiten-wir-in-zukunft\\\/#primaryimage\"},\"image\":{\"@id\":\"https:\\\/\\\/www.retarus.com\\\/blog\\\/de\\\/so-arbeiten-wir-in-zukunft\\\/#primaryimage\"},\"thumbnailUrl\":\"https:\\\/\\\/www.retarus.com\\\/blog\\\/de\\\/wp-content\\\/uploads\\\/sites\\\/4\\\/2022\\\/03\\\/jenny_im_buero.jpg\",\"datePublished\":\"2022-03-04T11:44:24+00:00\",\"dateModified\":\"2024-04-15T11:46:39+00:00\",\"author\":{\"@id\":\"https:\\\/\\\/www.retarus.com\\\/blog\\\/de\\\/#\\\/schema\\\/person\\\/7f8954d8bf84d75cf384942c5f6cf2e5\"},\"description\":\"2 Millionen Euro investiert Retarus gerade in die Modernisierung seiner Firmenzentrale in M\u00fcnchen. Die neue Aufteilung der B\u00fcrofl\u00e4chen und die neue M\u00f6blierung stehen ganz im Zeichen von \u201eNew Work\u201c, der neuen hybriden Arbeitswirklichkeit w\u00e4hrend und nach der COVID-19-Pandemie.\",\"breadcrumb\":{\"@id\":\"https:\\\/\\\/www.retarus.com\\\/blog\\\/de\\\/so-arbeiten-wir-in-zukunft\\\/#breadcrumb\"},\"inLanguage\":\"de\",\"potentialAction\":[{\"@type\":\"ReadAction\",\"target\":[\"https:\\\/\\\/www.retarus.com\\\/blog\\\/de\\\/so-arbeiten-wir-in-zukunft\\\/\"]}]},{\"@type\":\"ImageObject\",\"inLanguage\":\"de\",\"@id\":\"https:\\\/\\\/www.retarus.com\\\/blog\\\/de\\\/so-arbeiten-wir-in-zukunft\\\/#primaryimage\",\"url\":\"https:\\\/\\\/www.retarus.com\\\/blog\\\/de\\\/wp-content\\\/uploads\\\/sites\\\/4\\\/2022\\\/03\\\/jenny_im_buero.jpg\",\"contentUrl\":\"https:\\\/\\\/www.retarus.com\\\/blog\\\/de\\\/wp-content\\\/uploads\\\/sites\\\/4\\\/2022\\\/03\\\/jenny_im_buero.jpg\",\"width\":2560,\"height\":1440},{\"@type\":\"BreadcrumbList\",\"@id\":\"https:\\\/\\\/www.retarus.com\\\/blog\\\/de\\\/so-arbeiten-wir-in-zukunft\\\/#breadcrumb\",\"itemListElement\":[{\"@type\":\"ListItem\",\"position\":1,\"name\":\"Home\",\"item\":\"https:\\\/\\\/www.retarus.com\\\/blog\\\/de\\\/\"},{\"@type\":\"ListItem\",\"position\":2,\"name\":\"So arbeiten wir in Zukunft\"}]},{\"@type\":\"WebSite\",\"@id\":\"https:\\\/\\\/www.retarus.com\\\/blog\\\/de\\\/#website\",\"url\":\"https:\\\/\\\/www.retarus.com\\\/blog\\\/de\\\/\",\"name\":\"Retarus Corporate Blog - DE\",\"description\":\"Immer up-to-date\",\"potentialAction\":[{\"@type\":\"SearchAction\",\"target\":{\"@type\":\"EntryPoint\",\"urlTemplate\":\"https:\\\/\\\/www.retarus.com\\\/blog\\\/de\\\/?s={search_term_string}\"},\"query-input\":{\"@type\":\"PropertyValueSpecification\",\"valueRequired\":true,\"valueName\":\"search_term_string\"}}],\"inLanguage\":\"de\"},{\"@type\":\"Person\",\"@id\":\"https:\\\/\\\/www.retarus.com\\\/blog\\\/de\\\/#\\\/schema\\\/person\\\/7f8954d8bf84d75cf384942c5f6cf2e5\",\"name\":\"Thomas Cloer\",\"url\":\"https:\\\/\\\/www.retarus.com\\\/blog\\\/de\\\/author\\\/thomasc\\\/\"}]}<\/script>\n<!-- \/ Yoast SEO Premium plugin. -->","yoast_head_json":{"title":"So arbeiten wir in Zukunft - Retarus Corporate Blog - DE","description":"2 Millionen Euro investiert Retarus gerade in die Modernisierung seiner Firmenzentrale in M\u00fcnchen. Die neue Aufteilung der B\u00fcrofl\u00e4chen und die neue M\u00f6blierung stehen ganz im Zeichen von \u201eNew Work\u201c, der neuen hybriden Arbeitswirklichkeit w\u00e4hrend und nach der COVID-19-Pandemie.","robots":{"index":"index","follow":"follow","max-snippet":"max-snippet:-1","max-image-preview":"max-image-preview:large","max-video-preview":"max-video-preview:-1"},"canonical":"https:\/\/www.retarus.com\/blog\/de\/so-arbeiten-wir-in-zukunft\/","og_locale":"de_DE","og_type":"article","og_title":"So arbeiten wir in Zukunft","og_description":"2 Millionen Euro investiert Retarus gerade in die Modernisierung seiner Firmenzentrale in M\u00fcnchen. Die neue Aufteilung der B\u00fcrofl\u00e4chen und die neue M\u00f6blierung stehen ganz im Zeichen von \u201eNew Work\u201c, der neuen hybriden Arbeitswirklichkeit w\u00e4hrend und nach der COVID-19-Pandemie.","og_url":"https:\/\/www.retarus.com\/blog\/de\/so-arbeiten-wir-in-zukunft\/","og_site_name":"Retarus Corporate Blog - DE","article_published_time":"2022-03-04T11:44:24+00:00","article_modified_time":"2024-04-15T11:46:39+00:00","og_image":[{"width":2560,"height":1440,"url":"https:\/\/www.retarus.com\/blog\/de\/wp-content\/uploads\/sites\/4\/2022\/03\/jenny_im_buero.jpg","type":"image\/jpeg"}],"author":"Thomas Cloer","twitter_card":"summary_large_image","twitter_misc":{"Verfasst von":"Thomas Cloer","Gesch\u00e4tzte Lesezeit":"2\u00a0Minuten"},"schema":{"@context":"https:\/\/schema.org","@graph":[{"@type":"Article","@id":"https:\/\/www.retarus.com\/blog\/de\/so-arbeiten-wir-in-zukunft\/#article","isPartOf":{"@id":"https:\/\/www.retarus.com\/blog\/de\/so-arbeiten-wir-in-zukunft\/"},"author":{"name":"Thomas Cloer","@id":"https:\/\/www.retarus.com\/blog\/de\/#\/schema\/person\/7f8954d8bf84d75cf384942c5f6cf2e5"},"headline":"So arbeiten wir in Zukunft","datePublished":"2022-03-04T11:44:24+00:00","dateModified":"2024-04-15T11:46:39+00:00","mainEntityOfPage":{"@id":"https:\/\/www.retarus.com\/blog\/de\/so-arbeiten-wir-in-zukunft\/"},"wordCount":231,"commentCount":0,"image":{"@id":"https:\/\/www.retarus.com\/blog\/de\/so-arbeiten-wir-in-zukunft\/#primaryimage"},"thumbnailUrl":"https:\/\/www.retarus.com\/blog\/de\/wp-content\/uploads\/sites\/4\/2022\/03\/jenny_im_buero.jpg","articleSection":["News"],"inLanguage":"de","potentialAction":[{"@type":"CommentAction","name":"Comment","target":["https:\/\/www.retarus.com\/blog\/de\/so-arbeiten-wir-in-zukunft\/#respond"]}]},{"@type":"WebPage","@id":"https:\/\/www.retarus.com\/blog\/de\/so-arbeiten-wir-in-zukunft\/","url":"https:\/\/www.retarus.com\/blog\/de\/so-arbeiten-wir-in-zukunft\/","name":"So arbeiten wir in Zukunft - Retarus Corporate Blog - DE","isPartOf":{"@id":"https:\/\/www.retarus.com\/blog\/de\/#website"},"primaryImageOfPage":{"@id":"https:\/\/www.retarus.com\/blog\/de\/so-arbeiten-wir-in-zukunft\/#primaryimage"},"image":{"@id":"https:\/\/www.retarus.com\/blog\/de\/so-arbeiten-wir-in-zukunft\/#primaryimage"},"thumbnailUrl":"https:\/\/www.retarus.com\/blog\/de\/wp-content\/uploads\/sites\/4\/2022\/03\/jenny_im_buero.jpg","datePublished":"2022-03-04T11:44:24+00:00","dateModified":"2024-04-15T11:46:39+00:00","author":{"@id":"https:\/\/www.retarus.com\/blog\/de\/#\/schema\/person\/7f8954d8bf84d75cf384942c5f6cf2e5"},"description":"2 Millionen Euro investiert Retarus gerade in die Modernisierung seiner Firmenzentrale in M\u00fcnchen. Die neue Aufteilung der B\u00fcrofl\u00e4chen und die neue M\u00f6blierung stehen ganz im Zeichen von \u201eNew Work\u201c, der neuen hybriden Arbeitswirklichkeit w\u00e4hrend und nach der COVID-19-Pandemie.","breadcrumb":{"@id":"https:\/\/www.retarus.com\/blog\/de\/so-arbeiten-wir-in-zukunft\/#breadcrumb"},"inLanguage":"de","potentialAction":[{"@type":"ReadAction","target":["https:\/\/www.retarus.com\/blog\/de\/so-arbeiten-wir-in-zukunft\/"]}]},{"@type":"ImageObject","inLanguage":"de","@id":"https:\/\/www.retarus.com\/blog\/de\/so-arbeiten-wir-in-zukunft\/#primaryimage","url":"https:\/\/www.retarus.com\/blog\/de\/wp-content\/uploads\/sites\/4\/2022\/03\/jenny_im_buero.jpg","contentUrl":"https:\/\/www.retarus.com\/blog\/de\/wp-content\/uploads\/sites\/4\/2022\/03\/jenny_im_buero.jpg","width":2560,"height":1440},{"@type":"BreadcrumbList","@id":"https:\/\/www.retarus.com\/blog\/de\/so-arbeiten-wir-in-zukunft\/#breadcrumb","itemListElement":[{"@type":"ListItem","position":1,"name":"Home","item":"https:\/\/www.retarus.com\/blog\/de\/"},{"@type":"ListItem","position":2,"name":"So arbeiten wir in Zukunft"}]},{"@type":"WebSite","@id":"https:\/\/www.retarus.com\/blog\/de\/#website","url":"https:\/\/www.retarus.com\/blog\/de\/","name":"Retarus Corporate Blog - DE","description":"Immer up-to-date","potentialAction":[{"@type":"SearchAction","target":{"@type":"EntryPoint","urlTemplate":"https:\/\/www.retarus.com\/blog\/de\/?s={search_term_string}"},"query-input":{"@type":"PropertyValueSpecification","valueRequired":true,"valueName":"search_term_string"}}],"inLanguage":"de"},{"@type":"Person","@id":"https:\/\/www.retarus.com\/blog\/de\/#\/schema\/person\/7f8954d8bf84d75cf384942c5f6cf2e5","name":"Thomas Cloer","url":"https:\/\/www.retarus.com\/blog\/de\/author\/thomasc\/"}]}},"_links":{"self":[{"href":"https:\/\/www.retarus.com\/blog\/de\/wp-json\/wp\/v2\/posts\/16340","targetHints":{"allow":["GET"]}}],"collection":[{"href":"https:\/\/www.retarus.com\/blog\/de\/wp-json\/wp\/v2\/posts"}],"about":[{"href":"https:\/\/www.retarus.com\/blog\/de\/wp-json\/wp\/v2\/types\/post"}],"author":[{"embeddable":true,"href":"https:\/\/www.retarus.com\/blog\/de\/wp-json\/wp\/v2\/users\/14"}],"replies":[{"embeddable":true,"href":"https:\/\/www.retarus.com\/blog\/de\/wp-json\/wp\/v2\/comments?post=16340"}],"version-history":[{"count":8,"href":"https:\/\/www.retarus.com\/blog\/de\/wp-json\/wp\/v2\/posts\/16340\/revisions"}],"predecessor-version":[{"id":18657,"href":"https:\/\/www.retarus.com\/blog\/de\/wp-json\/wp\/v2\/posts\/16340\/revisions\/18657"}],"wp:featuredmedia":[{"embeddable":true,"href":"https:\/\/www.retarus.com\/blog\/de\/wp-json\/wp\/v2\/media\/16342"}],"wp:attachment":[{"href":"https:\/\/www.retarus.com\/blog\/de\/wp-json\/wp\/v2\/media?parent=16340"}],"wp:term":[{"taxonomy":"category","embeddable":true,"href":"https:\/\/www.retarus.com\/blog\/de\/wp-json\/wp\/v2\/categories?post=16340"},{"taxonomy":"post_tag","embeddable":true,"href":"https:\/\/www.retarus.com\/blog\/de\/wp-json\/wp\/v2\/tags?post=16340"}],"curies":[{"name":"wp","href":"https:\/\/api.w.org\/{rel}","templated":true}]}}