{"id":19249,"date":"2024-11-29T14:36:43","date_gmt":"2024-11-29T13:36:43","guid":{"rendered":"https:\/\/www.retarus.com\/blog\/de\/?p=19249"},"modified":"2024-12-13T11:20:45","modified_gmt":"2024-12-13T10:20:45","slug":"fuenf-jahre-timi-ein-grund-zum-feiern","status":"publish","type":"post","link":"https:\/\/www.retarus.com\/blog\/de\/fuenf-jahre-timi-ein-grund-zum-feiern\/","title":{"rendered":"F\u00fcnf Jahre \u201eTimi\u201c: ein Grund zum Feiern"},"content":{"rendered":"\n<p>Gestern Abend haben unsere Kolleginnen und Kollegen in Timi\u0219oara gemeinsam mit unserem Gr\u00fcnder und CEO Martin Hager und weiteren Managern aus M\u00fcnchen und Erfurt das f\u00fcnfj\u00e4hrige Bestehen der eigenst\u00e4ndigen Retarus-Landesgesellschaft in Rum\u00e4nien gefeiert \u2013 eine echte Erfolgsgeschichte.<\/p>\n\n\n\n<figure class=\"wp-block-image size-full\"><img decoding=\"async\" width=\"768\" height=\"432\" src=\"https:\/\/www.retarus.com\/blog\/de\/wp-content\/uploads\/sites\/4\/2024\/11\/dinner-5yrs.jpg\" alt=\"\" class=\"wp-image-19254\" srcset=\"https:\/\/www.retarus.com\/blog\/de\/wp-content\/uploads\/sites\/4\/2024\/11\/dinner-5yrs.jpg 768w, https:\/\/www.retarus.com\/blog\/de\/wp-content\/uploads\/sites\/4\/2024\/11\/dinner-5yrs-480x270.jpg 480w\" sizes=\"(min-width: 0px) and (max-width: 480px) 480px, (min-width: 481px) 768px, 100vw\" \/><\/figure>\n\n\n\n<p>Im Dezember 2019 wurde der damals f\u00fcnfzehnte Standort von Retarus in Timi\u0219oara \u2013 2023 \u00fcbrigens <a href=\"https:\/\/www.rumaenien-tourismus.de\/temeswar\/\" target=\"_blank\" rel=\"noreferrer noopener\">Europ\u00e4ische Kulturhauptstadt<\/a> \u2013 f\u00fcr elf Mitarbeitende <a href=\"https:\/\/www.retarus.com\/blog\/de\/15-retarus-standort-in-timisoara-feierlich-eroeffnet\/\">offiziell er\u00f6ffnet<\/a> (pr\u00e4sent waren wir schon seit 2013 \u00fcber einen lokalen Partner). Seither ist die Zahl der Besch\u00e4ftigten in Rum\u00e4nien kontinuierlich angestiegen und hat sich im vergangenen Jahr auf 24 bereits mehr als verdoppelt. F\u00fcr ein familienfreundliches Umfeld spricht wohl, dass in den f\u00fcnf Jahren seit Bestehen vier \u201eRetarier\u201c Eltern geworden sind.<\/p>\n\n\n\n<p>Aufgrund des kontinuierlichen Wachstums mussten bereits mehrmals neue R\u00e4umlichkeiten gefunden werden. Seit Februar dieses Jahres sitzt die retarus&nbsp;(Romania) S.R.L. im <a href=\"https:\/\/iuliustown.ro\/\">Iulius Town<\/a>, einem zentral gelegenen und modernen Geb\u00e4udekomplex mit Business Center, Kongresszentrum, Mall und Gartenanlage. Zust\u00e4ndig ist die Niederlassung f\u00fcr u. a. die Implementierung verschiedener Services mit Schwerpunkt EDI, Entwicklung und Support.<\/p>\n\n\n\n<div class=\"wp-block-responsive-lightbox-gallery\"><div class=\"rl-gallery-container rl-loading\" id=\"rl-gallery-container-1\" data-gallery_id=\"19259\"> <div class=\"rl-gallery rl-basicgrid-gallery \" id=\"rl-gallery-1\" data-gallery_no=\"1\"> <div class=\"rl-gallery-item\"><a href=\"https:\/\/www.retarus.com\/blog\/de\/wp-content\/uploads\/sites\/4\/2024\/11\/iulius-town.jpg\" title=\"\" data-rl_title=\"\" class=\"rl-gallery-link\" data-rl_caption=\"\" data-rel=\"lightbox-gallery-1\"><img src=\"https:\/\/www.retarus.com\/blog\/de\/wp-content\/uploads\/sites\/4\/2024\/11\/iulius-town-768x432.jpg\" width=\"768\" height=\"432\" alt=\"\" \/><\/a><\/div><div class=\"rl-gallery-item\"><a href=\"https:\/\/www.retarus.com\/blog\/de\/wp-content\/uploads\/sites\/4\/2024\/11\/timi-office.jpg\" title=\"\" data-rl_title=\"\" class=\"rl-gallery-link\" data-rl_caption=\"\" data-rel=\"lightbox-gallery-1\"><img src=\"https:\/\/www.retarus.com\/blog\/de\/wp-content\/uploads\/sites\/4\/2024\/11\/timi-office-768x432.jpg\" width=\"768\" height=\"432\" alt=\"\" \/><\/a><\/div><div class=\"rl-gallery-item\"><a href=\"https:\/\/www.retarus.com\/blog\/de\/wp-content\/uploads\/sites\/4\/2024\/11\/anniversary-card.jpg\" title=\"\" data-rl_title=\"\" class=\"rl-gallery-link\" data-rl_caption=\"\" data-rel=\"lightbox-gallery-1\"><img src=\"https:\/\/www.retarus.com\/blog\/de\/wp-content\/uploads\/sites\/4\/2024\/11\/anniversary-card-768x432.jpg\" width=\"768\" height=\"432\" alt=\"\" \/><\/a><\/div> <\/div> <\/div><\/div>\n\n\n\n<div style=\"height:20px\" aria-hidden=\"true\" class=\"wp-block-spacer\"><\/div>\n\n\n\n<p>Wir sind stolz, &nbsp;freuen uns mit den Kolleginnen und Kollegen und auf viele weitere Jahre in \u201eTimi\u201c!<\/p>\n","protected":false},"excerpt":{"rendered":"<p>Gestern Abend haben unsere Kolleginnen und Kollegen in Timi\u0219oara gemeinsam mit unserem Gr\u00fcnder und CEO Martin Hager  das f\u00fcnfj\u00e4hrige Bestehen der Landesgesellschaft in Rum\u00e4nien gefeiert \u2013 eine echte Erfolgsgeschichte.<\/p>\n","protected":false},"author":14,"featured_media":19252,"comment_status":"open","ping_status":"open","sticky":false,"template":"","format":"standard","meta":{"_acf_changed":false,"_et_pb_use_builder":"","_et_pb_old_content":"","_et_gb_content_width":"","_s2mail":"yes","footnotes":""},"categories":[7],"tags":[2780,2781],"class_list":["post-19249","post","type-post","status-publish","format-standard","has-post-thumbnail","hentry","category-news","tag-rumaenien","tag-timisoara"],"acf":[],"yoast_head":"<!-- This site is optimized with the Yoast SEO Premium plugin v27.4 (Yoast SEO v27.4) - https:\/\/yoast.com\/product\/yoast-seo-premium-wordpress\/ -->\n<title>F\u00fcnf Jahre \u201eTimi\u201c: ein Grund zum Feiern - Retarus Corporate Blog - DE<\/title>\n<meta name=\"robots\" content=\"index, follow, max-snippet:-1, max-image-preview:large, max-video-preview:-1\" \/>\n<link rel=\"canonical\" href=\"https:\/\/www.retarus.com\/blog\/de\/fuenf-jahre-timi-ein-grund-zum-feiern\/\" \/>\n<meta property=\"og:locale\" content=\"de_DE\" \/>\n<meta property=\"og:type\" content=\"article\" \/>\n<meta property=\"og:title\" content=\"F\u00fcnf Jahre \u201eTimi\u201c: ein Grund zum Feiern\" \/>\n<meta property=\"og:description\" content=\"Gestern Abend haben unsere Kolleginnen und Kollegen in Timi\u0219oara gemeinsam mit unserem Gr\u00fcnder und CEO Martin Hager das f\u00fcnfj\u00e4hrige Bestehen der Landesgesellschaft in Rum\u00e4nien gefeiert \u2013 eine echte Erfolgsgeschichte.\" \/>\n<meta property=\"og:url\" content=\"https:\/\/www.retarus.com\/blog\/de\/fuenf-jahre-timi-ein-grund-zum-feiern\/\" \/>\n<meta property=\"og:site_name\" content=\"Retarus Corporate Blog - DE\" \/>\n<meta property=\"article:published_time\" content=\"2024-11-29T13:36:43+00:00\" \/>\n<meta property=\"article:modified_time\" content=\"2024-12-13T10:20:45+00:00\" \/>\n<meta property=\"og:image\" content=\"https:\/\/www.retarus.com\/blog\/de\/wp-content\/uploads\/sites\/4\/2024\/11\/anniversary-card.jpg\" \/>\n\t<meta property=\"og:image:width\" content=\"1920\" \/>\n\t<meta property=\"og:image:height\" content=\"1080\" \/>\n\t<meta property=\"og:image:type\" content=\"image\/jpeg\" \/>\n<meta name=\"author\" content=\"Thomas Cloer\" \/>\n<meta name=\"twitter:card\" content=\"summary_large_image\" \/>\n<meta name=\"twitter:label1\" content=\"Verfasst von\" \/>\n\t<meta name=\"twitter:data1\" content=\"Thomas Cloer\" \/>\n\t<meta name=\"twitter:label2\" content=\"Gesch\u00e4tzte Lesezeit\" \/>\n\t<meta name=\"twitter:data2\" content=\"2\u00a0Minuten\" \/>\n<script type=\"application\/ld+json\" class=\"yoast-schema-graph\">{\"@context\":\"https:\\\/\\\/schema.org\",\"@graph\":[{\"@type\":\"Article\",\"@id\":\"https:\\\/\\\/www.retarus.com\\\/blog\\\/de\\\/fuenf-jahre-timi-ein-grund-zum-feiern\\\/#article\",\"isPartOf\":{\"@id\":\"https:\\\/\\\/www.retarus.com\\\/blog\\\/de\\\/fuenf-jahre-timi-ein-grund-zum-feiern\\\/\"},\"author\":{\"name\":\"Thomas Cloer\",\"@id\":\"https:\\\/\\\/www.retarus.com\\\/blog\\\/de\\\/#\\\/schema\\\/person\\\/7f8954d8bf84d75cf384942c5f6cf2e5\"},\"headline\":\"F\u00fcnf Jahre \u201eTimi\u201c: ein Grund zum Feiern\",\"datePublished\":\"2024-11-29T13:36:43+00:00\",\"dateModified\":\"2024-12-13T10:20:45+00:00\",\"mainEntityOfPage\":{\"@id\":\"https:\\\/\\\/www.retarus.com\\\/blog\\\/de\\\/fuenf-jahre-timi-ein-grund-zum-feiern\\\/\"},\"wordCount\":209,\"commentCount\":0,\"image\":{\"@id\":\"https:\\\/\\\/www.retarus.com\\\/blog\\\/de\\\/fuenf-jahre-timi-ein-grund-zum-feiern\\\/#primaryimage\"},\"thumbnailUrl\":\"https:\\\/\\\/www.retarus.com\\\/blog\\\/de\\\/wp-content\\\/uploads\\\/sites\\\/4\\\/2024\\\/11\\\/anniversary-card.jpg\",\"keywords\":[\"Rum\u00e4nien\",\"Timi\u0219oara\"],\"articleSection\":[\"News\"],\"inLanguage\":\"de\",\"potentialAction\":[{\"@type\":\"CommentAction\",\"name\":\"Comment\",\"target\":[\"https:\\\/\\\/www.retarus.com\\\/blog\\\/de\\\/fuenf-jahre-timi-ein-grund-zum-feiern\\\/#respond\"]}]},{\"@type\":\"WebPage\",\"@id\":\"https:\\\/\\\/www.retarus.com\\\/blog\\\/de\\\/fuenf-jahre-timi-ein-grund-zum-feiern\\\/\",\"url\":\"https:\\\/\\\/www.retarus.com\\\/blog\\\/de\\\/fuenf-jahre-timi-ein-grund-zum-feiern\\\/\",\"name\":\"F\u00fcnf Jahre \u201eTimi\u201c: ein Grund zum Feiern - Retarus Corporate Blog - DE\",\"isPartOf\":{\"@id\":\"https:\\\/\\\/www.retarus.com\\\/blog\\\/de\\\/#website\"},\"primaryImageOfPage\":{\"@id\":\"https:\\\/\\\/www.retarus.com\\\/blog\\\/de\\\/fuenf-jahre-timi-ein-grund-zum-feiern\\\/#primaryimage\"},\"image\":{\"@id\":\"https:\\\/\\\/www.retarus.com\\\/blog\\\/de\\\/fuenf-jahre-timi-ein-grund-zum-feiern\\\/#primaryimage\"},\"thumbnailUrl\":\"https:\\\/\\\/www.retarus.com\\\/blog\\\/de\\\/wp-content\\\/uploads\\\/sites\\\/4\\\/2024\\\/11\\\/anniversary-card.jpg\",\"datePublished\":\"2024-11-29T13:36:43+00:00\",\"dateModified\":\"2024-12-13T10:20:45+00:00\",\"author\":{\"@id\":\"https:\\\/\\\/www.retarus.com\\\/blog\\\/de\\\/#\\\/schema\\\/person\\\/7f8954d8bf84d75cf384942c5f6cf2e5\"},\"breadcrumb\":{\"@id\":\"https:\\\/\\\/www.retarus.com\\\/blog\\\/de\\\/fuenf-jahre-timi-ein-grund-zum-feiern\\\/#breadcrumb\"},\"inLanguage\":\"de\",\"potentialAction\":[{\"@type\":\"ReadAction\",\"target\":[\"https:\\\/\\\/www.retarus.com\\\/blog\\\/de\\\/fuenf-jahre-timi-ein-grund-zum-feiern\\\/\"]}]},{\"@type\":\"ImageObject\",\"inLanguage\":\"de\",\"@id\":\"https:\\\/\\\/www.retarus.com\\\/blog\\\/de\\\/fuenf-jahre-timi-ein-grund-zum-feiern\\\/#primaryimage\",\"url\":\"https:\\\/\\\/www.retarus.com\\\/blog\\\/de\\\/wp-content\\\/uploads\\\/sites\\\/4\\\/2024\\\/11\\\/anniversary-card.jpg\",\"contentUrl\":\"https:\\\/\\\/www.retarus.com\\\/blog\\\/de\\\/wp-content\\\/uploads\\\/sites\\\/4\\\/2024\\\/11\\\/anniversary-card.jpg\",\"width\":1920,\"height\":1080,\"caption\":\"Time flies \u2026\"},{\"@type\":\"BreadcrumbList\",\"@id\":\"https:\\\/\\\/www.retarus.com\\\/blog\\\/de\\\/fuenf-jahre-timi-ein-grund-zum-feiern\\\/#breadcrumb\",\"itemListElement\":[{\"@type\":\"ListItem\",\"position\":1,\"name\":\"Home\",\"item\":\"https:\\\/\\\/www.retarus.com\\\/blog\\\/de\\\/\"},{\"@type\":\"ListItem\",\"position\":2,\"name\":\"F\u00fcnf Jahre \u201eTimi\u201c: ein Grund zum Feiern\"}]},{\"@type\":\"WebSite\",\"@id\":\"https:\\\/\\\/www.retarus.com\\\/blog\\\/de\\\/#website\",\"url\":\"https:\\\/\\\/www.retarus.com\\\/blog\\\/de\\\/\",\"name\":\"Retarus Corporate Blog - DE\",\"description\":\"Immer up-to-date\",\"potentialAction\":[{\"@type\":\"SearchAction\",\"target\":{\"@type\":\"EntryPoint\",\"urlTemplate\":\"https:\\\/\\\/www.retarus.com\\\/blog\\\/de\\\/?s={search_term_string}\"},\"query-input\":{\"@type\":\"PropertyValueSpecification\",\"valueRequired\":true,\"valueName\":\"search_term_string\"}}],\"inLanguage\":\"de\"},{\"@type\":\"Person\",\"@id\":\"https:\\\/\\\/www.retarus.com\\\/blog\\\/de\\\/#\\\/schema\\\/person\\\/7f8954d8bf84d75cf384942c5f6cf2e5\",\"name\":\"Thomas Cloer\",\"url\":\"https:\\\/\\\/www.retarus.com\\\/blog\\\/de\\\/author\\\/thomasc\\\/\"}]}<\/script>\n<!-- \/ Yoast SEO Premium plugin. -->","yoast_head_json":{"title":"F\u00fcnf Jahre \u201eTimi\u201c: ein Grund zum Feiern - Retarus Corporate Blog - DE","robots":{"index":"index","follow":"follow","max-snippet":"max-snippet:-1","max-image-preview":"max-image-preview:large","max-video-preview":"max-video-preview:-1"},"canonical":"https:\/\/www.retarus.com\/blog\/de\/fuenf-jahre-timi-ein-grund-zum-feiern\/","og_locale":"de_DE","og_type":"article","og_title":"F\u00fcnf Jahre \u201eTimi\u201c: ein Grund zum Feiern","og_description":"Gestern Abend haben unsere Kolleginnen und Kollegen in Timi\u0219oara gemeinsam mit unserem Gr\u00fcnder und CEO Martin Hager das f\u00fcnfj\u00e4hrige Bestehen der Landesgesellschaft in Rum\u00e4nien gefeiert \u2013 eine echte Erfolgsgeschichte.","og_url":"https:\/\/www.retarus.com\/blog\/de\/fuenf-jahre-timi-ein-grund-zum-feiern\/","og_site_name":"Retarus Corporate Blog - DE","article_published_time":"2024-11-29T13:36:43+00:00","article_modified_time":"2024-12-13T10:20:45+00:00","og_image":[{"width":1920,"height":1080,"url":"https:\/\/www.retarus.com\/blog\/de\/wp-content\/uploads\/sites\/4\/2024\/11\/anniversary-card.jpg","type":"image\/jpeg"}],"author":"Thomas Cloer","twitter_card":"summary_large_image","twitter_misc":{"Verfasst von":"Thomas Cloer","Gesch\u00e4tzte Lesezeit":"2\u00a0Minuten"},"schema":{"@context":"https:\/\/schema.org","@graph":[{"@type":"Article","@id":"https:\/\/www.retarus.com\/blog\/de\/fuenf-jahre-timi-ein-grund-zum-feiern\/#article","isPartOf":{"@id":"https:\/\/www.retarus.com\/blog\/de\/fuenf-jahre-timi-ein-grund-zum-feiern\/"},"author":{"name":"Thomas Cloer","@id":"https:\/\/www.retarus.com\/blog\/de\/#\/schema\/person\/7f8954d8bf84d75cf384942c5f6cf2e5"},"headline":"F\u00fcnf Jahre \u201eTimi\u201c: ein Grund zum Feiern","datePublished":"2024-11-29T13:36:43+00:00","dateModified":"2024-12-13T10:20:45+00:00","mainEntityOfPage":{"@id":"https:\/\/www.retarus.com\/blog\/de\/fuenf-jahre-timi-ein-grund-zum-feiern\/"},"wordCount":209,"commentCount":0,"image":{"@id":"https:\/\/www.retarus.com\/blog\/de\/fuenf-jahre-timi-ein-grund-zum-feiern\/#primaryimage"},"thumbnailUrl":"https:\/\/www.retarus.com\/blog\/de\/wp-content\/uploads\/sites\/4\/2024\/11\/anniversary-card.jpg","keywords":["Rum\u00e4nien","Timi\u0219oara"],"articleSection":["News"],"inLanguage":"de","potentialAction":[{"@type":"CommentAction","name":"Comment","target":["https:\/\/www.retarus.com\/blog\/de\/fuenf-jahre-timi-ein-grund-zum-feiern\/#respond"]}]},{"@type":"WebPage","@id":"https:\/\/www.retarus.com\/blog\/de\/fuenf-jahre-timi-ein-grund-zum-feiern\/","url":"https:\/\/www.retarus.com\/blog\/de\/fuenf-jahre-timi-ein-grund-zum-feiern\/","name":"F\u00fcnf Jahre \u201eTimi\u201c: ein Grund zum Feiern - Retarus Corporate Blog - DE","isPartOf":{"@id":"https:\/\/www.retarus.com\/blog\/de\/#website"},"primaryImageOfPage":{"@id":"https:\/\/www.retarus.com\/blog\/de\/fuenf-jahre-timi-ein-grund-zum-feiern\/#primaryimage"},"image":{"@id":"https:\/\/www.retarus.com\/blog\/de\/fuenf-jahre-timi-ein-grund-zum-feiern\/#primaryimage"},"thumbnailUrl":"https:\/\/www.retarus.com\/blog\/de\/wp-content\/uploads\/sites\/4\/2024\/11\/anniversary-card.jpg","datePublished":"2024-11-29T13:36:43+00:00","dateModified":"2024-12-13T10:20:45+00:00","author":{"@id":"https:\/\/www.retarus.com\/blog\/de\/#\/schema\/person\/7f8954d8bf84d75cf384942c5f6cf2e5"},"breadcrumb":{"@id":"https:\/\/www.retarus.com\/blog\/de\/fuenf-jahre-timi-ein-grund-zum-feiern\/#breadcrumb"},"inLanguage":"de","potentialAction":[{"@type":"ReadAction","target":["https:\/\/www.retarus.com\/blog\/de\/fuenf-jahre-timi-ein-grund-zum-feiern\/"]}]},{"@type":"ImageObject","inLanguage":"de","@id":"https:\/\/www.retarus.com\/blog\/de\/fuenf-jahre-timi-ein-grund-zum-feiern\/#primaryimage","url":"https:\/\/www.retarus.com\/blog\/de\/wp-content\/uploads\/sites\/4\/2024\/11\/anniversary-card.jpg","contentUrl":"https:\/\/www.retarus.com\/blog\/de\/wp-content\/uploads\/sites\/4\/2024\/11\/anniversary-card.jpg","width":1920,"height":1080,"caption":"Time flies \u2026"},{"@type":"BreadcrumbList","@id":"https:\/\/www.retarus.com\/blog\/de\/fuenf-jahre-timi-ein-grund-zum-feiern\/#breadcrumb","itemListElement":[{"@type":"ListItem","position":1,"name":"Home","item":"https:\/\/www.retarus.com\/blog\/de\/"},{"@type":"ListItem","position":2,"name":"F\u00fcnf Jahre \u201eTimi\u201c: ein Grund zum Feiern"}]},{"@type":"WebSite","@id":"https:\/\/www.retarus.com\/blog\/de\/#website","url":"https:\/\/www.retarus.com\/blog\/de\/","name":"Retarus Corporate Blog - DE","description":"Immer up-to-date","potentialAction":[{"@type":"SearchAction","target":{"@type":"EntryPoint","urlTemplate":"https:\/\/www.retarus.com\/blog\/de\/?s={search_term_string}"},"query-input":{"@type":"PropertyValueSpecification","valueRequired":true,"valueName":"search_term_string"}}],"inLanguage":"de"},{"@type":"Person","@id":"https:\/\/www.retarus.com\/blog\/de\/#\/schema\/person\/7f8954d8bf84d75cf384942c5f6cf2e5","name":"Thomas Cloer","url":"https:\/\/www.retarus.com\/blog\/de\/author\/thomasc\/"}]}},"_links":{"self":[{"href":"https:\/\/www.retarus.com\/blog\/de\/wp-json\/wp\/v2\/posts\/19249","targetHints":{"allow":["GET"]}}],"collection":[{"href":"https:\/\/www.retarus.com\/blog\/de\/wp-json\/wp\/v2\/posts"}],"about":[{"href":"https:\/\/www.retarus.com\/blog\/de\/wp-json\/wp\/v2\/types\/post"}],"author":[{"embeddable":true,"href":"https:\/\/www.retarus.com\/blog\/de\/wp-json\/wp\/v2\/users\/14"}],"replies":[{"embeddable":true,"href":"https:\/\/www.retarus.com\/blog\/de\/wp-json\/wp\/v2\/comments?post=19249"}],"version-history":[{"count":9,"href":"https:\/\/www.retarus.com\/blog\/de\/wp-json\/wp\/v2\/posts\/19249\/revisions"}],"predecessor-version":[{"id":19265,"href":"https:\/\/www.retarus.com\/blog\/de\/wp-json\/wp\/v2\/posts\/19249\/revisions\/19265"}],"wp:featuredmedia":[{"embeddable":true,"href":"https:\/\/www.retarus.com\/blog\/de\/wp-json\/wp\/v2\/media\/19252"}],"wp:attachment":[{"href":"https:\/\/www.retarus.com\/blog\/de\/wp-json\/wp\/v2\/media?parent=19249"}],"wp:term":[{"taxonomy":"category","embeddable":true,"href":"https:\/\/www.retarus.com\/blog\/de\/wp-json\/wp\/v2\/categories?post=19249"},{"taxonomy":"post_tag","embeddable":true,"href":"https:\/\/www.retarus.com\/blog\/de\/wp-json\/wp\/v2\/tags?post=19249"}],"curies":[{"name":"wp","href":"https:\/\/api.w.org\/{rel}","templated":true}]}}