{"id":27061,"date":"2015-06-25T16:09:50","date_gmt":"2015-06-25T16:09:50","guid":{"rendered":"https:\/\/www.retarus.com\/blog\/hannoversche-sap-tage-2015\/"},"modified":"2026-08-10T14:41:58","modified_gmt":"2026-08-10T14:41:58","slug":"hannoversche-sap-tage-2015","status":"publish","type":"post","link":"https:\/\/www.retarus.com\/blog\/de\/hannoversche-sap-tage-2015\/","title":{"rendered":"Hannoversche SAP Tage 2015"},"content":{"rendered":"\n<p class=\"wp-block-paragraph\">\u201eVon Anwendern f\u00fcr Anwender\u201c \u2013 unter diesem Zeichen finden die Hannoverschen SAP Tage am 7. und 8. Juli im Werkhof Hannover statt. Praxisbezogene Vortr\u00e4ge und der Erfahrungsaustausch in der SAP Anwendergemeinde stehen im Vordergrund der Veranstaltung.<\/p>\n\n\n\n<p class=\"wp-block-paragraph\">Nachdem wir im September 2014 bereits auf den M\u00fcnchner SAP Tagen waren, werden wir auch an den diesj\u00e4hrigen Hannoverschen SAP Tagen teilnehmen. Die Veranstaltung war hochkar\u00e4tig besetzt und bot viel Raum f\u00fcr Networking mit interessanten Gespr\u00e4chspartnern.<\/p>\n\n\n\n<p class=\"wp-block-paragraph\">Wir freuen uns darauf, Ihnen dort pers\u00f6nlich zu begegnen und erkl\u00e4ren Ihnen gerne, Wie Sie mit den Retarus Cloud Services f\u00fcr SAP Ihre gesch\u00e4ftskritische Kommunikation aus SAP unabh\u00e4ngig von bestehenden Kommunikations-Infrastrukturen machen, damit Ihre Systeme entlasten und \u00dcber- oder Unterkapazit\u00e4ten eliminieren.<\/p>\n\n\n\n<p class=\"wp-block-paragraph\"><figure id=\"attachment_6967\" aria-describedby=\"caption-attachment-6967\" style=\"width: 300px\" class=\"wp-caption alignleft\"><a href=\"https:\/\/www.retarus.com\/blog\/wp-content\/uploads\/sites\/41\/2026\/07\/SAPTage4.jpg\"><img loading=\"lazy\" decoding=\"async\" class=\"wp-image-6967 size-medium\" src=\"https:\/\/www.retarus.com\/blog\/wp-content\/uploads\/sites\/41\/2026\/07\/SAPTage4.jpg\" alt=\"SAPTage4\" width=\"300\" height=\"225\" srcset=\"https:\/\/www.retarus.com\/blog\/wp-content\/uploads\/sites\/41\/2026\/07\/SAPTage4.jpg 1632w, https:\/\/www.retarus.com\/blog\/wp-content\/uploads\/sites\/41\/2026\/07\/SAPTage4-300x225.jpg 300w, https:\/\/www.retarus.com\/blog\/wp-content\/uploads\/sites\/41\/2026\/07\/SAPTage4-1024x768.jpg 1024w, https:\/\/www.retarus.com\/blog\/wp-content\/uploads\/sites\/41\/2026\/07\/SAPTage4-768x576.jpg 768w, https:\/\/www.retarus.com\/blog\/wp-content\/uploads\/sites\/41\/2026\/07\/SAPTage4-1536x1152.jpg 1536w\" sizes=\"auto, (max-width: 300px) 100vw, 300px\" \/><\/a><figcaption id=\"caption-attachment-6967\" class=\"wp-caption-text\">Gute Gespr\u00e4che: Networking auf den M\u00fcnchner SAP Tagen 2014<\/figcaption><\/figure><\/p>\n\n\n\n<p class=\"wp-block-paragraph\"><figure id=\"attachment_6968\" aria-describedby=\"caption-attachment-6968\" style=\"width: 300px\" class=\"wp-caption alignright\"><a href=\"https:\/\/www.retarus.com\/blog\/wp-content\/uploads\/sites\/41\/2026\/07\/SAPTage6.jpg\"><img loading=\"lazy\" decoding=\"async\" class=\"wp-image-6968 size-medium\" src=\"https:\/\/www.retarus.com\/blog\/wp-content\/uploads\/sites\/41\/2026\/07\/SAPTage6.jpg\" alt=\"SAPTage6\" width=\"300\" height=\"225\" srcset=\"https:\/\/www.retarus.com\/blog\/wp-content\/uploads\/sites\/41\/2026\/07\/SAPTage6.jpg 1632w, https:\/\/www.retarus.com\/blog\/wp-content\/uploads\/sites\/41\/2026\/07\/SAPTage6-300x225.jpg 300w, https:\/\/www.retarus.com\/blog\/wp-content\/uploads\/sites\/41\/2026\/07\/SAPTage6-1024x768.jpg 1024w, https:\/\/www.retarus.com\/blog\/wp-content\/uploads\/sites\/41\/2026\/07\/SAPTage6-768x576.jpg 768w, https:\/\/www.retarus.com\/blog\/wp-content\/uploads\/sites\/41\/2026\/07\/SAPTage6-1536x1152.jpg 1536w\" sizes=\"auto, (max-width: 300px) 100vw, 300px\" \/><\/a><figcaption id=\"caption-attachment-6968\" class=\"wp-caption-text\">Interessante Vortr\u00e4ge auf den M\u00fcnchner SAP Tagen 2014<\/figcaption><\/figure><\/p>\n","protected":false},"excerpt":{"rendered":"<p>\u201eVon Anwendern f\u00fcr Anwender\u201c \u2013 unter diesem Zeichen finden die Hannoverschen SAP Tage am 7. und 8. Juli im Werkhof Hannover statt. Praxisbezogene Vortr\u00e4ge und der Erfahrungsaustausch in der SAP Anwendergemeinde stehen im Vordergrund der Veranstaltung. Wir freuen uns darauf, Ihnen dort pers\u00f6nlich zu begegnen und erkl\u00e4ren Ihnen gerne, Wie Sie mit den Retarus Cloud Services f\u00fcr SAP Ihre gesch\u00e4ftskritische Kommunikation aus SAP unabh\u00e4ngig von bestehenden Kommunikations-Infrastrukturen machen, damit Ihre Systeme entlasten und \u00dcber- oder Unterkapazit\u00e4ten eliminieren.<\/p>\n","protected":false},"author":7,"featured_media":6967,"comment_status":"open","ping_status":"open","sticky":false,"template":"","format":"standard","meta":{"_acf_changed":false,"ret_read_more_text":"","ret_thumb_border":false,"footnotes":""},"categories":[3059],"tags":[650],"ret_content_type":[3080],"class_list":["post-27061","post","type-post","status-publish","format-standard","has-post-thumbnail","hentry","category-unternehmensintegration","tag-sap","ret_content_type-veranstaltungen"],"acf":[],"yoast_head":"<!-- This site is optimized with the Yoast SEO Premium plugin v28.3 (Yoast SEO v28.3) - https:\/\/yoast.com\/product\/yoast-seo-premium-wordpress\/ -->\n<title>Hannoversche SAP Tage 2015 | Retarus Blog<\/title>\n<meta name=\"description\" content=\"\u201eVon Anwendern f\u00fcr Anwender\u201c \u2013 unter diesem Zeichen finden die Hannoverschen SAP Tage am 7. und 8. Juli im Werkhof Hannover statt. Praxisbezogene Vortr\u00e4ge und der Erfahrungsaustausch in der SAP Anwendergemeinde stehen im Vordergrund der Veranstaltung. Wir freuen uns darauf, Ihnen dort pers\u00f6nlich zu begegnen und erkl\u00e4ren Ihnen gerne, Wie Sie mit den Retarus Cloud Services f\u00fcr SAP Ihre gesch\u00e4ftskritische Kommunikation aus SAP unabh\u00e4ngig von bestehenden Kommunikations-Infrastrukturen machen, damit Ihre Systeme entlasten und \u00dcber- oder Unterkapazit\u00e4ten eliminieren.\" \/>\n<meta name=\"robots\" content=\"index, follow, max-snippet:-1, max-image-preview:large, max-video-preview:-1\" \/>\n<link rel=\"canonical\" href=\"https:\/\/www.retarus.com\/blog\/de\/hannoversche-sap-tage-2015\/\" \/>\n<meta property=\"og:locale\" content=\"de_DE\" \/>\n<meta property=\"og:type\" content=\"article\" \/>\n<meta property=\"og:title\" content=\"Hannoversche SAP Tage 2015\" \/>\n<meta property=\"og:description\" content=\"\u201eVon Anwendern f\u00fcr Anwender\u201c \u2013 unter diesem Zeichen finden die Hannoverschen SAP Tage am 7. und 8. Juli im Werkhof Hannover statt. Praxisbezogene Vortr\u00e4ge und der Erfahrungsaustausch in der SAP Anwendergemeinde stehen im Vordergrund der Veranstaltung. Wir freuen uns darauf, Ihnen dort pers\u00f6nlich zu begegnen und erkl\u00e4ren Ihnen gerne, Wie Sie mit den Retarus Cloud Services f\u00fcr SAP Ihre gesch\u00e4ftskritische Kommunikation aus SAP unabh\u00e4ngig von bestehenden Kommunikations-Infrastrukturen machen, damit Ihre Systeme entlasten und \u00dcber- oder Unterkapazit\u00e4ten eliminieren.\" \/>\n<meta property=\"og:url\" content=\"https:\/\/www.retarus.com\/blog\/de\/hannoversche-sap-tage-2015\/\" \/>\n<meta property=\"og:site_name\" content=\"Retarus Blog\" \/>\n<meta property=\"article:publisher\" content=\"https:\/\/www.facebook.com\/retarus\" \/>\n<meta property=\"article:published_time\" content=\"2015-06-25T16:09:50+00:00\" \/>\n<meta property=\"article:modified_time\" content=\"2026-08-10T14:41:58+00:00\" \/>\n<meta property=\"og:image\" content=\"https:\/\/www.retarus.com\/blog-transfer\/wp-content\/uploads\/sites\/41\/2026\/07\/SAPTage4.jpg\" \/>\n\t<meta property=\"og:image:width\" content=\"1632\" \/>\n\t<meta property=\"og:image:height\" content=\"1224\" \/>\n\t<meta property=\"og:image:type\" content=\"image\/jpeg\" \/>\n<meta name=\"author\" content=\"Alexander H\u00fcls\" \/>\n<meta name=\"twitter:card\" content=\"summary_large_image\" \/>\n<meta name=\"twitter:creator\" content=\"@retarus\" \/>\n<meta name=\"twitter:site\" content=\"@retarus\" \/>\n<meta name=\"twitter:label1\" content=\"Verfasst von\" \/>\n\t<meta name=\"twitter:data1\" content=\"Alexander H\u00fcls\" \/>\n\t<meta name=\"twitter:label2\" content=\"Gesch\u00e4tzte Lesezeit\" \/>\n\t<meta name=\"twitter:data2\" content=\"2\u00a0Minuten\" \/>\n<script type=\"application\/ld+json\" class=\"yoast-schema-graph\">{\"@context\":\"https:\\\/\\\/schema.org\",\"@graph\":[{\"@type\":\"Article\",\"@id\":\"https:\\\/\\\/www.retarus.com\\\/blog\\\/de\\\/hannoversche-sap-tage-2015\\\/#article\",\"isPartOf\":{\"@id\":\"https:\\\/\\\/www.retarus.com\\\/blog\\\/de\\\/hannoversche-sap-tage-2015\\\/\"},\"author\":{\"name\":\"Alexander H\u00fcls\",\"@id\":\"https:\\\/\\\/www.retarus.com\\\/blog\\\/de\\\/#\\\/schema\\\/person\\\/5dbabd3b8a406ebd06fe0769cedd6c7a\"},\"headline\":\"Hannoversche SAP Tage 2015\",\"datePublished\":\"2015-06-25T16:09:50+00:00\",\"dateModified\":\"2026-08-10T14:41:58+00:00\",\"mainEntityOfPage\":{\"@id\":\"https:\\\/\\\/www.retarus.com\\\/blog\\\/de\\\/hannoversche-sap-tage-2015\\\/\"},\"wordCount\":158,\"commentCount\":0,\"publisher\":{\"@id\":\"https:\\\/\\\/www.retarus.com\\\/blog\\\/de\\\/#organization\"},\"image\":{\"@id\":\"https:\\\/\\\/www.retarus.com\\\/blog\\\/de\\\/hannoversche-sap-tage-2015\\\/#primaryimage\"},\"thumbnailUrl\":\"https:\\\/\\\/www.retarus.com\\\/blog\\\/wp-content\\\/uploads\\\/sites\\\/41\\\/2026\\\/07\\\/SAPTage4.jpg\",\"keywords\":[\"SAP\"],\"articleSection\":[\"Unternehmensintegration\"],\"inLanguage\":\"de\",\"potentialAction\":[{\"@type\":\"CommentAction\",\"name\":\"Comment\",\"target\":[\"https:\\\/\\\/www.retarus.com\\\/blog\\\/de\\\/hannoversche-sap-tage-2015\\\/#respond\"]}]},{\"@type\":\"WebPage\",\"@id\":\"https:\\\/\\\/www.retarus.com\\\/blog\\\/de\\\/hannoversche-sap-tage-2015\\\/\",\"url\":\"https:\\\/\\\/www.retarus.com\\\/blog\\\/de\\\/hannoversche-sap-tage-2015\\\/\",\"name\":\"Hannoversche SAP Tage 2015 | Retarus Blog\",\"isPartOf\":{\"@id\":\"https:\\\/\\\/www.retarus.com\\\/blog\\\/de\\\/#website\"},\"primaryImageOfPage\":{\"@id\":\"https:\\\/\\\/www.retarus.com\\\/blog\\\/de\\\/hannoversche-sap-tage-2015\\\/#primaryimage\"},\"image\":{\"@id\":\"https:\\\/\\\/www.retarus.com\\\/blog\\\/de\\\/hannoversche-sap-tage-2015\\\/#primaryimage\"},\"thumbnailUrl\":\"https:\\\/\\\/www.retarus.com\\\/blog\\\/wp-content\\\/uploads\\\/sites\\\/41\\\/2026\\\/07\\\/SAPTage4.jpg\",\"datePublished\":\"2015-06-25T16:09:50+00:00\",\"dateModified\":\"2026-08-10T14:41:58+00:00\",\"description\":\"\u201eVon Anwendern f\u00fcr Anwender\u201c \u2013 unter diesem Zeichen finden die Hannoverschen SAP Tage am 7. und 8. Juli im Werkhof Hannover statt. Praxisbezogene Vortr\u00e4ge und der Erfahrungsaustausch in der SAP Anwendergemeinde stehen im Vordergrund der Veranstaltung. Wir freuen uns darauf, Ihnen dort pers\u00f6nlich zu begegnen und erkl\u00e4ren Ihnen gerne, Wie Sie mit den Retarus Cloud Services f\u00fcr SAP Ihre gesch\u00e4ftskritische Kommunikation aus SAP unabh\u00e4ngig von bestehenden Kommunikations-Infrastrukturen machen, damit Ihre Systeme entlasten und \u00dcber- oder Unterkapazit\u00e4ten eliminieren.\",\"breadcrumb\":{\"@id\":\"https:\\\/\\\/www.retarus.com\\\/blog\\\/de\\\/hannoversche-sap-tage-2015\\\/#breadcrumb\"},\"inLanguage\":\"de\",\"potentialAction\":[{\"@type\":\"ReadAction\",\"target\":[\"https:\\\/\\\/www.retarus.com\\\/blog\\\/de\\\/hannoversche-sap-tage-2015\\\/\"]}]},{\"@type\":\"ImageObject\",\"inLanguage\":\"de\",\"@id\":\"https:\\\/\\\/www.retarus.com\\\/blog\\\/de\\\/hannoversche-sap-tage-2015\\\/#primaryimage\",\"url\":\"https:\\\/\\\/www.retarus.com\\\/blog\\\/wp-content\\\/uploads\\\/sites\\\/41\\\/2026\\\/07\\\/SAPTage4.jpg\",\"contentUrl\":\"https:\\\/\\\/www.retarus.com\\\/blog\\\/wp-content\\\/uploads\\\/sites\\\/41\\\/2026\\\/07\\\/SAPTage4.jpg\",\"width\":1632,\"height\":1224},{\"@type\":\"BreadcrumbList\",\"@id\":\"https:\\\/\\\/www.retarus.com\\\/blog\\\/de\\\/hannoversche-sap-tage-2015\\\/#breadcrumb\",\"itemListElement\":[{\"@type\":\"ListItem\",\"position\":1,\"name\":\"Home\",\"item\":\"https:\\\/\\\/www.retarus.com\\\/blog\\\/de\\\/\"},{\"@type\":\"ListItem\",\"position\":2,\"name\":\"Hannoversche SAP Tage 2015\"}]},{\"@type\":\"WebSite\",\"@id\":\"https:\\\/\\\/www.retarus.com\\\/blog\\\/de\\\/#website\",\"url\":\"https:\\\/\\\/www.retarus.com\\\/blog\\\/de\\\/\",\"name\":\"Retarus Blog\",\"description\":\"Enterprise Communication &amp; Cybersecurity\",\"publisher\":{\"@id\":\"https:\\\/\\\/www.retarus.com\\\/blog\\\/de\\\/#organization\"},\"potentialAction\":[{\"@type\":\"SearchAction\",\"target\":{\"@type\":\"EntryPoint\",\"urlTemplate\":\"https:\\\/\\\/www.retarus.com\\\/blog\\\/de\\\/?s={search_term_string}\"},\"query-input\":{\"@type\":\"PropertyValueSpecification\",\"valueRequired\":true,\"valueName\":\"search_term_string\"}}],\"inLanguage\":\"de\"},{\"@type\":\"Organization\",\"@id\":\"https:\\\/\\\/www.retarus.com\\\/blog\\\/de\\\/#organization\",\"name\":\"retarus GmbH\",\"alternateName\":\"retarus Inc.\",\"url\":\"https:\\\/\\\/www.retarus.com\\\/blog\\\/de\\\/\",\"logo\":{\"@type\":\"ImageObject\",\"inLanguage\":\"de\",\"@id\":\"https:\\\/\\\/www.retarus.com\\\/blog\\\/de\\\/#\\\/schema\\\/logo\\\/image\\\/\",\"url\":\"https:\\\/\\\/www.retarus.com\\\/blog\\\/wp-content\\\/uploads\\\/sites\\\/41\\\/2026\\\/08\\\/retarus_logo_2025.png\",\"contentUrl\":\"https:\\\/\\\/www.retarus.com\\\/blog\\\/wp-content\\\/uploads\\\/sites\\\/41\\\/2026\\\/08\\\/retarus_logo_2025.png\",\"width\":696,\"height\":696,\"caption\":\"retarus GmbH\"},\"image\":{\"@id\":\"https:\\\/\\\/www.retarus.com\\\/blog\\\/de\\\/#\\\/schema\\\/logo\\\/image\\\/\"},\"sameAs\":[\"https:\\\/\\\/www.facebook.com\\\/retarus\",\"https:\\\/\\\/x.com\\\/retarus\",\"https:\\\/\\\/www.linkedin.com\\\/company\\\/retarus\"],\"telephone\":\"+49 89 5528 0000\",\"foundingDate\":\"1992-12-02\",\"vatID\":\"DE811459192\"},{\"@type\":\"Person\",\"@id\":\"https:\\\/\\\/www.retarus.com\\\/blog\\\/de\\\/#\\\/schema\\\/person\\\/5dbabd3b8a406ebd06fe0769cedd6c7a\",\"name\":\"Alexander H\u00fcls\",\"image\":{\"@type\":\"ImageObject\",\"inLanguage\":\"de\",\"@id\":\"https:\\\/\\\/secure.gravatar.com\\\/avatar\\\/1298ffe9eec838000b2875fff383c1cc82c8e75d41d341f5bf7e7dd2d88c4baf?s=96&d=mm&r=g\",\"url\":\"https:\\\/\\\/secure.gravatar.com\\\/avatar\\\/1298ffe9eec838000b2875fff383c1cc82c8e75d41d341f5bf7e7dd2d88c4baf?s=96&d=mm&r=g\",\"contentUrl\":\"https:\\\/\\\/secure.gravatar.com\\\/avatar\\\/1298ffe9eec838000b2875fff383c1cc82c8e75d41d341f5bf7e7dd2d88c4baf?s=96&d=mm&r=g\",\"caption\":\"Alexander H\u00fcls\"},\"jobTitle\":\"Senior Content Marketing Texter\",\"worksFor\":\"Alexander H\u00fcls\"}]}<\/script>\n<!-- \/ Yoast SEO Premium plugin. -->","yoast_head_json":{"title":"Hannoversche SAP Tage 2015 | Retarus Blog","description":"\u201eVon Anwendern f\u00fcr Anwender\u201c \u2013 unter diesem Zeichen finden die Hannoverschen SAP Tage am 7. und 8. Juli im Werkhof Hannover statt. Praxisbezogene Vortr\u00e4ge und der Erfahrungsaustausch in der SAP Anwendergemeinde stehen im Vordergrund der Veranstaltung. Wir freuen uns darauf, Ihnen dort pers\u00f6nlich zu begegnen und erkl\u00e4ren Ihnen gerne, Wie Sie mit den Retarus Cloud Services f\u00fcr SAP Ihre gesch\u00e4ftskritische Kommunikation aus SAP unabh\u00e4ngig von bestehenden Kommunikations-Infrastrukturen machen, damit Ihre Systeme entlasten und \u00dcber- oder Unterkapazit\u00e4ten eliminieren.","robots":{"index":"index","follow":"follow","max-snippet":"max-snippet:-1","max-image-preview":"max-image-preview:large","max-video-preview":"max-video-preview:-1"},"canonical":"https:\/\/www.retarus.com\/blog\/de\/hannoversche-sap-tage-2015\/","og_locale":"de_DE","og_type":"article","og_title":"Hannoversche SAP Tage 2015","og_description":"\u201eVon Anwendern f\u00fcr Anwender\u201c \u2013 unter diesem Zeichen finden die Hannoverschen SAP Tage am 7. und 8. Juli im Werkhof Hannover statt. Praxisbezogene Vortr\u00e4ge und der Erfahrungsaustausch in der SAP Anwendergemeinde stehen im Vordergrund der Veranstaltung. Wir freuen uns darauf, Ihnen dort pers\u00f6nlich zu begegnen und erkl\u00e4ren Ihnen gerne, Wie Sie mit den Retarus Cloud Services f\u00fcr SAP Ihre gesch\u00e4ftskritische Kommunikation aus SAP unabh\u00e4ngig von bestehenden Kommunikations-Infrastrukturen machen, damit Ihre Systeme entlasten und \u00dcber- oder Unterkapazit\u00e4ten eliminieren.","og_url":"https:\/\/www.retarus.com\/blog\/de\/hannoversche-sap-tage-2015\/","og_site_name":"Retarus Blog","article_publisher":"https:\/\/www.facebook.com\/retarus","article_published_time":"2015-06-25T16:09:50+00:00","article_modified_time":"2026-08-10T14:41:58+00:00","og_image":[{"width":1632,"height":1224,"url":"https:\/\/www.retarus.com\/blog-transfer\/wp-content\/uploads\/sites\/41\/2026\/07\/SAPTage4.jpg","type":"image\/jpeg"}],"author":"Alexander H\u00fcls","twitter_card":"summary_large_image","twitter_creator":"@retarus","twitter_site":"@retarus","twitter_misc":{"Verfasst von":"Alexander H\u00fcls","Gesch\u00e4tzte Lesezeit":"2\u00a0Minuten"},"schema":{"@context":"https:\/\/schema.org","@graph":[{"@type":"Article","@id":"https:\/\/www.retarus.com\/blog\/de\/hannoversche-sap-tage-2015\/#article","isPartOf":{"@id":"https:\/\/www.retarus.com\/blog\/de\/hannoversche-sap-tage-2015\/"},"author":{"name":"Alexander H\u00fcls","@id":"https:\/\/www.retarus.com\/blog\/de\/#\/schema\/person\/5dbabd3b8a406ebd06fe0769cedd6c7a"},"headline":"Hannoversche SAP Tage 2015","datePublished":"2015-06-25T16:09:50+00:00","dateModified":"2026-08-10T14:41:58+00:00","mainEntityOfPage":{"@id":"https:\/\/www.retarus.com\/blog\/de\/hannoversche-sap-tage-2015\/"},"wordCount":158,"commentCount":0,"publisher":{"@id":"https:\/\/www.retarus.com\/blog\/de\/#organization"},"image":{"@id":"https:\/\/www.retarus.com\/blog\/de\/hannoversche-sap-tage-2015\/#primaryimage"},"thumbnailUrl":"https:\/\/www.retarus.com\/blog\/wp-content\/uploads\/sites\/41\/2026\/07\/SAPTage4.jpg","keywords":["SAP"],"articleSection":["Unternehmensintegration"],"inLanguage":"de","potentialAction":[{"@type":"CommentAction","name":"Comment","target":["https:\/\/www.retarus.com\/blog\/de\/hannoversche-sap-tage-2015\/#respond"]}]},{"@type":"WebPage","@id":"https:\/\/www.retarus.com\/blog\/de\/hannoversche-sap-tage-2015\/","url":"https:\/\/www.retarus.com\/blog\/de\/hannoversche-sap-tage-2015\/","name":"Hannoversche SAP Tage 2015 | Retarus Blog","isPartOf":{"@id":"https:\/\/www.retarus.com\/blog\/de\/#website"},"primaryImageOfPage":{"@id":"https:\/\/www.retarus.com\/blog\/de\/hannoversche-sap-tage-2015\/#primaryimage"},"image":{"@id":"https:\/\/www.retarus.com\/blog\/de\/hannoversche-sap-tage-2015\/#primaryimage"},"thumbnailUrl":"https:\/\/www.retarus.com\/blog\/wp-content\/uploads\/sites\/41\/2026\/07\/SAPTage4.jpg","datePublished":"2015-06-25T16:09:50+00:00","dateModified":"2026-08-10T14:41:58+00:00","description":"\u201eVon Anwendern f\u00fcr Anwender\u201c \u2013 unter diesem Zeichen finden die Hannoverschen SAP Tage am 7. und 8. Juli im Werkhof Hannover statt. Praxisbezogene Vortr\u00e4ge und der Erfahrungsaustausch in der SAP Anwendergemeinde stehen im Vordergrund der Veranstaltung. Wir freuen uns darauf, Ihnen dort pers\u00f6nlich zu begegnen und erkl\u00e4ren Ihnen gerne, Wie Sie mit den Retarus Cloud Services f\u00fcr SAP Ihre gesch\u00e4ftskritische Kommunikation aus SAP unabh\u00e4ngig von bestehenden Kommunikations-Infrastrukturen machen, damit Ihre Systeme entlasten und \u00dcber- oder Unterkapazit\u00e4ten eliminieren.","breadcrumb":{"@id":"https:\/\/www.retarus.com\/blog\/de\/hannoversche-sap-tage-2015\/#breadcrumb"},"inLanguage":"de","potentialAction":[{"@type":"ReadAction","target":["https:\/\/www.retarus.com\/blog\/de\/hannoversche-sap-tage-2015\/"]}]},{"@type":"ImageObject","inLanguage":"de","@id":"https:\/\/www.retarus.com\/blog\/de\/hannoversche-sap-tage-2015\/#primaryimage","url":"https:\/\/www.retarus.com\/blog\/wp-content\/uploads\/sites\/41\/2026\/07\/SAPTage4.jpg","contentUrl":"https:\/\/www.retarus.com\/blog\/wp-content\/uploads\/sites\/41\/2026\/07\/SAPTage4.jpg","width":1632,"height":1224},{"@type":"BreadcrumbList","@id":"https:\/\/www.retarus.com\/blog\/de\/hannoversche-sap-tage-2015\/#breadcrumb","itemListElement":[{"@type":"ListItem","position":1,"name":"Home","item":"https:\/\/www.retarus.com\/blog\/de\/"},{"@type":"ListItem","position":2,"name":"Hannoversche SAP Tage 2015"}]},{"@type":"WebSite","@id":"https:\/\/www.retarus.com\/blog\/de\/#website","url":"https:\/\/www.retarus.com\/blog\/de\/","name":"Retarus Blog","description":"Enterprise Communication &amp; Cybersecurity","publisher":{"@id":"https:\/\/www.retarus.com\/blog\/de\/#organization"},"potentialAction":[{"@type":"SearchAction","target":{"@type":"EntryPoint","urlTemplate":"https:\/\/www.retarus.com\/blog\/de\/?s={search_term_string}"},"query-input":{"@type":"PropertyValueSpecification","valueRequired":true,"valueName":"search_term_string"}}],"inLanguage":"de"},{"@type":"Organization","@id":"https:\/\/www.retarus.com\/blog\/de\/#organization","name":"retarus GmbH","alternateName":"retarus Inc.","url":"https:\/\/www.retarus.com\/blog\/de\/","logo":{"@type":"ImageObject","inLanguage":"de","@id":"https:\/\/www.retarus.com\/blog\/de\/#\/schema\/logo\/image\/","url":"https:\/\/www.retarus.com\/blog\/wp-content\/uploads\/sites\/41\/2026\/08\/retarus_logo_2025.png","contentUrl":"https:\/\/www.retarus.com\/blog\/wp-content\/uploads\/sites\/41\/2026\/08\/retarus_logo_2025.png","width":696,"height":696,"caption":"retarus GmbH"},"image":{"@id":"https:\/\/www.retarus.com\/blog\/de\/#\/schema\/logo\/image\/"},"sameAs":["https:\/\/www.facebook.com\/retarus","https:\/\/x.com\/retarus","https:\/\/www.linkedin.com\/company\/retarus"],"telephone":"+49 89 5528 0000","foundingDate":"1992-12-02","vatID":"DE811459192"},{"@type":"Person","@id":"https:\/\/www.retarus.com\/blog\/de\/#\/schema\/person\/5dbabd3b8a406ebd06fe0769cedd6c7a","name":"Alexander H\u00fcls","image":{"@type":"ImageObject","inLanguage":"de","@id":"https:\/\/secure.gravatar.com\/avatar\/1298ffe9eec838000b2875fff383c1cc82c8e75d41d341f5bf7e7dd2d88c4baf?s=96&d=mm&r=g","url":"https:\/\/secure.gravatar.com\/avatar\/1298ffe9eec838000b2875fff383c1cc82c8e75d41d341f5bf7e7dd2d88c4baf?s=96&d=mm&r=g","contentUrl":"https:\/\/secure.gravatar.com\/avatar\/1298ffe9eec838000b2875fff383c1cc82c8e75d41d341f5bf7e7dd2d88c4baf?s=96&d=mm&r=g","caption":"Alexander H\u00fcls"},"jobTitle":"Senior Content Marketing Texter","worksFor":"Alexander H\u00fcls"}]}},"_links":{"self":[{"href":"https:\/\/www.retarus.com\/blog\/de\/wp-json\/wp\/v2\/posts\/27061","targetHints":{"allow":["GET"]}}],"collection":[{"href":"https:\/\/www.retarus.com\/blog\/de\/wp-json\/wp\/v2\/posts"}],"about":[{"href":"https:\/\/www.retarus.com\/blog\/de\/wp-json\/wp\/v2\/types\/post"}],"author":[{"embeddable":true,"href":"https:\/\/www.retarus.com\/blog\/de\/wp-json\/wp\/v2\/users\/7"}],"replies":[{"embeddable":true,"href":"https:\/\/www.retarus.com\/blog\/de\/wp-json\/wp\/v2\/comments?post=27061"}],"version-history":[{"count":2,"href":"https:\/\/www.retarus.com\/blog\/de\/wp-json\/wp\/v2\/posts\/27061\/revisions"}],"predecessor-version":[{"id":34875,"href":"https:\/\/www.retarus.com\/blog\/de\/wp-json\/wp\/v2\/posts\/27061\/revisions\/34875"}],"wp:featuredmedia":[{"embeddable":true,"href":"https:\/\/www.retarus.com\/blog\/de\/wp-json\/wp\/v2\/media\/6967"}],"wp:attachment":[{"href":"https:\/\/www.retarus.com\/blog\/de\/wp-json\/wp\/v2\/media?parent=27061"}],"wp:term":[{"taxonomy":"category","embeddable":true,"href":"https:\/\/www.retarus.com\/blog\/de\/wp-json\/wp\/v2\/categories?post=27061"},{"taxonomy":"post_tag","embeddable":true,"href":"https:\/\/www.retarus.com\/blog\/de\/wp-json\/wp\/v2\/tags?post=27061"},{"taxonomy":"ret_content_type","embeddable":true,"href":"https:\/\/www.retarus.com\/blog\/de\/wp-json\/wp\/v2\/ret_content_type?post=27061"}],"curies":[{"name":"wp","href":"https:\/\/api.w.org\/{rel}","templated":true}]}}