{"id":27732,"date":"2018-10-29T13:40:49","date_gmt":"2018-10-29T13:40:49","guid":{"rendered":"https:\/\/www.retarus.com\/blog\/retarus-in-der-abendschau-des-bayerischen-fernsehens\/"},"modified":"2026-08-07T06:52:31","modified_gmt":"2026-08-07T06:52:31","slug":"retarus-in-der-abendschau-des-bayerischen-fernsehens","status":"publish","type":"post","link":"https:\/\/www.retarus.com\/blog\/de\/retarus-in-der-abendschau-des-bayerischen-fernsehens\/","title":{"rendered":"Retarus in der Abendschau des Bayerischen Fernsehens"},"content":{"rendered":"\nAm Donnerstag vergangener Woche hat die \u201eAbendschau\u201c des Bayerischen Fernsehens dar\u00fcber berichtet, wer heutzutage noch alles faxt und warum.\n\nIn dem dreimin\u00fctigen Bericht werden zun\u00e4chst eine Apotheke und ein Gericht als zwei typische Anwender pr\u00e4sentiert, die Faxe senden und empfangen \u2013 weil Fax simpel und (rechts-)sicher ist. Zirka ab Minute 01:34 kommt dann unser Gr\u00fcnder und Gesch\u00e4ftsf\u00fchrer Martin Hager gleich mehrmals zu Wort, um weitere Vorteile von Fax anschaulich zu schildern und Vorurteile gegen\u00fcber der vermeintlich \u00fcberkommenen Technik abzubauen. Den Bayerischen Rundfunk haben wir f\u00fcr die Dreharbeiten in der Vorwoche sogar in eines unserer Allerheiligsten gelassen, das Retarus-Rechenzentrum im Keller der Aschauer Stra\u00dfe 30.\n\nAber sehen Sie selbst:\n<div style=\"padding:56.25% 0 0 0;position:relative;\"><iframe src=\"https:\/\/player.vimeo.com\/video\/540639481?color=ffffff&amp;title=0&amp;byline=0&amp;portrait=0\" style=\"position:absolute;top:0;left:0;width:100%;height:100%;\" frameborder=\"0\" allow=\"autoplay; fullscreen; picture-in-picture\" allowfullscreen=\"\"><\/iframe><\/div>\n<script src=\"https:\/\/player.vimeo.com\/api\/player.js\"><\/script>\n","protected":false},"excerpt":{"rendered":"<p>Am Donnerstag vergangener Woche hat die \u201eAbendschau\u201c des Bayerischen Fernsehens dar\u00fcber berichtet, wer heutzutage noch alles faxt und warum. Retarus spielt darin eine durchaus tragende Rolle.<\/p>\n","protected":false},"author":14,"featured_media":7921,"comment_status":"open","ping_status":"open","sticky":false,"template":"","format":"standard","meta":{"_acf_changed":false,"ret_read_more_text":"","ret_thumb_border":false,"footnotes":""},"categories":[3058],"tags":[642,1024],"ret_content_type":[],"class_list":["post-27732","post","type-post","status-publish","format-standard","has-post-thumbnail","hentry","category-geschaeftskommunikation","tag-cloud-fax-de","tag-fernsehen"],"acf":[],"yoast_head":"<!-- This site is optimized with the Yoast SEO Premium plugin v28.3 (Yoast SEO v28.3) - https:\/\/yoast.com\/product\/yoast-seo-premium-wordpress\/ -->\n<title>Retarus in der Abendschau des Bayerischen Fernsehens | Retarus Blog<\/title>\n<meta name=\"description\" content=\"Am Donnerstag vergangener Woche hat die \u201eAbendschau\u201c des Bayerischen Fernsehens dar\u00fcber berichtet, wer heutzutage noch alles faxt und warum. Retarus spielt darin eine durchaus tragende Rolle.\" \/>\n<meta name=\"robots\" content=\"index, follow, max-snippet:-1, max-image-preview:large, max-video-preview:-1\" \/>\n<link rel=\"canonical\" href=\"https:\/\/www.retarus.com\/blog\/de\/retarus-in-der-abendschau-des-bayerischen-fernsehens\/\" \/>\n<meta property=\"og:locale\" content=\"de_DE\" \/>\n<meta property=\"og:type\" content=\"article\" \/>\n<meta property=\"og:title\" content=\"Retarus in der Abendschau des Bayerischen Fernsehens\" \/>\n<meta property=\"og:description\" content=\"Am Donnerstag vergangener Woche hat die \u201eAbendschau\u201c des Bayerischen Fernsehens dar\u00fcber berichtet, wer heutzutage noch alles faxt und warum. Retarus spielt darin eine durchaus tragende Rolle.\" \/>\n<meta property=\"og:url\" content=\"https:\/\/www.retarus.com\/blog\/de\/retarus-in-der-abendschau-des-bayerischen-fernsehens\/\" \/>\n<meta property=\"og:site_name\" content=\"Retarus Blog\" \/>\n<meta property=\"article:publisher\" content=\"https:\/\/www.facebook.com\/retarus\" \/>\n<meta property=\"article:published_time\" content=\"2018-10-29T13:40:49+00:00\" \/>\n<meta property=\"article:modified_time\" content=\"2026-08-07T06:52:31+00:00\" \/>\n<meta property=\"og:image\" content=\"https:\/\/www.retarus.com\/blog-transfer\/wp-content\/uploads\/sites\/41\/2026\/07\/abendschau-1024x576.png\" \/>\n\t<meta property=\"og:image:width\" content=\"1024\" \/>\n\t<meta property=\"og:image:height\" content=\"576\" \/>\n\t<meta property=\"og:image:type\" content=\"image\/png\" \/>\n<meta name=\"author\" content=\"Thomas Cloer\" \/>\n<meta name=\"twitter:card\" content=\"summary_large_image\" \/>\n<meta name=\"twitter:creator\" content=\"@retarus\" \/>\n<meta name=\"twitter:site\" content=\"@retarus\" \/>\n<meta name=\"twitter:label1\" content=\"Verfasst von\" \/>\n\t<meta name=\"twitter:data1\" content=\"Thomas Cloer\" \/>\n\t<meta name=\"twitter:label2\" content=\"Gesch\u00e4tzte Lesezeit\" \/>\n\t<meta name=\"twitter:data2\" content=\"1\u00a0Minute\" \/>\n<script type=\"application\/ld+json\" class=\"yoast-schema-graph\">{\"@context\":\"https:\\\/\\\/schema.org\",\"@graph\":[{\"@type\":\"Article\",\"@id\":\"https:\\\/\\\/www.retarus.com\\\/blog\\\/de\\\/retarus-in-der-abendschau-des-bayerischen-fernsehens\\\/#article\",\"isPartOf\":{\"@id\":\"https:\\\/\\\/www.retarus.com\\\/blog\\\/de\\\/retarus-in-der-abendschau-des-bayerischen-fernsehens\\\/\"},\"author\":{\"name\":\"Thomas Cloer\",\"@id\":\"https:\\\/\\\/www.retarus.com\\\/blog\\\/de\\\/#\\\/schema\\\/person\\\/7f8954d8bf84d75cf384942c5f6cf2e5\"},\"headline\":\"Retarus in der Abendschau des Bayerischen Fernsehens\",\"datePublished\":\"2018-10-29T13:40:49+00:00\",\"dateModified\":\"2026-08-07T06:52:31+00:00\",\"mainEntityOfPage\":{\"@id\":\"https:\\\/\\\/www.retarus.com\\\/blog\\\/de\\\/retarus-in-der-abendschau-des-bayerischen-fernsehens\\\/\"},\"wordCount\":123,\"commentCount\":0,\"publisher\":{\"@id\":\"https:\\\/\\\/www.retarus.com\\\/blog\\\/de\\\/#organization\"},\"image\":{\"@id\":\"https:\\\/\\\/www.retarus.com\\\/blog\\\/de\\\/retarus-in-der-abendschau-des-bayerischen-fernsehens\\\/#primaryimage\"},\"thumbnailUrl\":\"https:\\\/\\\/www.retarus.com\\\/blog\\\/wp-content\\\/uploads\\\/sites\\\/41\\\/2026\\\/07\\\/abendschau.png\",\"keywords\":[\"Cloud Fax\",\"Fernsehen\"],\"articleSection\":[\"Gesch\u00e4ftskommunikation\"],\"inLanguage\":\"de\",\"potentialAction\":[{\"@type\":\"CommentAction\",\"name\":\"Comment\",\"target\":[\"https:\\\/\\\/www.retarus.com\\\/blog\\\/de\\\/retarus-in-der-abendschau-des-bayerischen-fernsehens\\\/#respond\"]}]},{\"@type\":\"WebPage\",\"@id\":\"https:\\\/\\\/www.retarus.com\\\/blog\\\/de\\\/retarus-in-der-abendschau-des-bayerischen-fernsehens\\\/\",\"url\":\"https:\\\/\\\/www.retarus.com\\\/blog\\\/de\\\/retarus-in-der-abendschau-des-bayerischen-fernsehens\\\/\",\"name\":\"Retarus in der Abendschau des Bayerischen Fernsehens | Retarus Blog\",\"isPartOf\":{\"@id\":\"https:\\\/\\\/www.retarus.com\\\/blog\\\/de\\\/#website\"},\"primaryImageOfPage\":{\"@id\":\"https:\\\/\\\/www.retarus.com\\\/blog\\\/de\\\/retarus-in-der-abendschau-des-bayerischen-fernsehens\\\/#primaryimage\"},\"image\":{\"@id\":\"https:\\\/\\\/www.retarus.com\\\/blog\\\/de\\\/retarus-in-der-abendschau-des-bayerischen-fernsehens\\\/#primaryimage\"},\"thumbnailUrl\":\"https:\\\/\\\/www.retarus.com\\\/blog\\\/wp-content\\\/uploads\\\/sites\\\/41\\\/2026\\\/07\\\/abendschau.png\",\"datePublished\":\"2018-10-29T13:40:49+00:00\",\"dateModified\":\"2026-08-07T06:52:31+00:00\",\"description\":\"Am Donnerstag vergangener Woche hat die \u201eAbendschau\u201c des Bayerischen Fernsehens dar\u00fcber berichtet, wer heutzutage noch alles faxt und warum. Retarus spielt darin eine durchaus tragende Rolle.\",\"breadcrumb\":{\"@id\":\"https:\\\/\\\/www.retarus.com\\\/blog\\\/de\\\/retarus-in-der-abendschau-des-bayerischen-fernsehens\\\/#breadcrumb\"},\"inLanguage\":\"de\",\"potentialAction\":[{\"@type\":\"ReadAction\",\"target\":[\"https:\\\/\\\/www.retarus.com\\\/blog\\\/de\\\/retarus-in-der-abendschau-des-bayerischen-fernsehens\\\/\"]}]},{\"@type\":\"ImageObject\",\"inLanguage\":\"de\",\"@id\":\"https:\\\/\\\/www.retarus.com\\\/blog\\\/de\\\/retarus-in-der-abendschau-des-bayerischen-fernsehens\\\/#primaryimage\",\"url\":\"https:\\\/\\\/www.retarus.com\\\/blog\\\/wp-content\\\/uploads\\\/sites\\\/41\\\/2026\\\/07\\\/abendschau.png\",\"contentUrl\":\"https:\\\/\\\/www.retarus.com\\\/blog\\\/wp-content\\\/uploads\\\/sites\\\/41\\\/2026\\\/07\\\/abendschau.png\",\"width\":1920,\"height\":1080,\"caption\":\"Retarus-Chef Martin Hager in der \\\"Abendschau\\\" vom BR\"},{\"@type\":\"BreadcrumbList\",\"@id\":\"https:\\\/\\\/www.retarus.com\\\/blog\\\/de\\\/retarus-in-der-abendschau-des-bayerischen-fernsehens\\\/#breadcrumb\",\"itemListElement\":[{\"@type\":\"ListItem\",\"position\":1,\"name\":\"Home\",\"item\":\"https:\\\/\\\/www.retarus.com\\\/blog\\\/de\\\/\"},{\"@type\":\"ListItem\",\"position\":2,\"name\":\"Retarus in der Abendschau des Bayerischen Fernsehens\"}]},{\"@type\":\"WebSite\",\"@id\":\"https:\\\/\\\/www.retarus.com\\\/blog\\\/de\\\/#website\",\"url\":\"https:\\\/\\\/www.retarus.com\\\/blog\\\/de\\\/\",\"name\":\"Retarus Blog\",\"description\":\"Enterprise Communication &amp; Cybersecurity\",\"publisher\":{\"@id\":\"https:\\\/\\\/www.retarus.com\\\/blog\\\/de\\\/#organization\"},\"potentialAction\":[{\"@type\":\"SearchAction\",\"target\":{\"@type\":\"EntryPoint\",\"urlTemplate\":\"https:\\\/\\\/www.retarus.com\\\/blog\\\/de\\\/?s={search_term_string}\"},\"query-input\":{\"@type\":\"PropertyValueSpecification\",\"valueRequired\":true,\"valueName\":\"search_term_string\"}}],\"inLanguage\":\"de\"},{\"@type\":\"Organization\",\"@id\":\"https:\\\/\\\/www.retarus.com\\\/blog\\\/de\\\/#organization\",\"name\":\"retarus GmbH\",\"alternateName\":\"retarus Inc.\",\"url\":\"https:\\\/\\\/www.retarus.com\\\/blog\\\/de\\\/\",\"logo\":{\"@type\":\"ImageObject\",\"inLanguage\":\"de\",\"@id\":\"https:\\\/\\\/www.retarus.com\\\/blog\\\/de\\\/#\\\/schema\\\/logo\\\/image\\\/\",\"url\":\"https:\\\/\\\/www.retarus.com\\\/blog\\\/wp-content\\\/uploads\\\/sites\\\/41\\\/2026\\\/08\\\/retarus_logo_2025.png\",\"contentUrl\":\"https:\\\/\\\/www.retarus.com\\\/blog\\\/wp-content\\\/uploads\\\/sites\\\/41\\\/2026\\\/08\\\/retarus_logo_2025.png\",\"width\":696,\"height\":696,\"caption\":\"retarus GmbH\"},\"image\":{\"@id\":\"https:\\\/\\\/www.retarus.com\\\/blog\\\/de\\\/#\\\/schema\\\/logo\\\/image\\\/\"},\"sameAs\":[\"https:\\\/\\\/www.facebook.com\\\/retarus\",\"https:\\\/\\\/x.com\\\/retarus\",\"https:\\\/\\\/www.linkedin.com\\\/company\\\/retarus\"],\"telephone\":\"+49 89 5528 0000\",\"foundingDate\":\"1992-12-02\",\"vatID\":\"DE811459192\"},{\"@type\":\"Person\",\"@id\":\"https:\\\/\\\/www.retarus.com\\\/blog\\\/de\\\/#\\\/schema\\\/person\\\/7f8954d8bf84d75cf384942c5f6cf2e5\",\"name\":\"Thomas Cloer\",\"image\":{\"@type\":\"ImageObject\",\"inLanguage\":\"de\",\"@id\":\"https:\\\/\\\/secure.gravatar.com\\\/avatar\\\/40f29e635bf20bec8e4585fa9ffbe6cd78538b4490bdb632b1d83eea415593b3?s=96&d=mm&r=g\",\"url\":\"https:\\\/\\\/secure.gravatar.com\\\/avatar\\\/40f29e635bf20bec8e4585fa9ffbe6cd78538b4490bdb632b1d83eea415593b3?s=96&d=mm&r=g\",\"contentUrl\":\"https:\\\/\\\/secure.gravatar.com\\\/avatar\\\/40f29e635bf20bec8e4585fa9ffbe6cd78538b4490bdb632b1d83eea415593b3?s=96&d=mm&r=g\",\"caption\":\"Thomas Cloer\"},\"jobTitle\":\"Corporate Blogger\",\"worksFor\":\"retarus GmbH\"}]}<\/script>\n<!-- \/ Yoast SEO Premium plugin. -->","yoast_head_json":{"title":"Retarus in der Abendschau des Bayerischen Fernsehens | Retarus Blog","description":"Am Donnerstag vergangener Woche hat die \u201eAbendschau\u201c des Bayerischen Fernsehens dar\u00fcber berichtet, wer heutzutage noch alles faxt und warum. Retarus spielt darin eine durchaus tragende Rolle.","robots":{"index":"index","follow":"follow","max-snippet":"max-snippet:-1","max-image-preview":"max-image-preview:large","max-video-preview":"max-video-preview:-1"},"canonical":"https:\/\/www.retarus.com\/blog\/de\/retarus-in-der-abendschau-des-bayerischen-fernsehens\/","og_locale":"de_DE","og_type":"article","og_title":"Retarus in der Abendschau des Bayerischen Fernsehens","og_description":"Am Donnerstag vergangener Woche hat die \u201eAbendschau\u201c des Bayerischen Fernsehens dar\u00fcber berichtet, wer heutzutage noch alles faxt und warum. Retarus spielt darin eine durchaus tragende Rolle.","og_url":"https:\/\/www.retarus.com\/blog\/de\/retarus-in-der-abendschau-des-bayerischen-fernsehens\/","og_site_name":"Retarus Blog","article_publisher":"https:\/\/www.facebook.com\/retarus","article_published_time":"2018-10-29T13:40:49+00:00","article_modified_time":"2026-08-07T06:52:31+00:00","og_image":[{"width":1024,"height":576,"url":"https:\/\/www.retarus.com\/blog-transfer\/wp-content\/uploads\/sites\/41\/2026\/07\/abendschau-1024x576.png","type":"image\/png"}],"author":"Thomas Cloer","twitter_card":"summary_large_image","twitter_creator":"@retarus","twitter_site":"@retarus","twitter_misc":{"Verfasst von":"Thomas Cloer","Gesch\u00e4tzte Lesezeit":"1\u00a0Minute"},"schema":{"@context":"https:\/\/schema.org","@graph":[{"@type":"Article","@id":"https:\/\/www.retarus.com\/blog\/de\/retarus-in-der-abendschau-des-bayerischen-fernsehens\/#article","isPartOf":{"@id":"https:\/\/www.retarus.com\/blog\/de\/retarus-in-der-abendschau-des-bayerischen-fernsehens\/"},"author":{"name":"Thomas Cloer","@id":"https:\/\/www.retarus.com\/blog\/de\/#\/schema\/person\/7f8954d8bf84d75cf384942c5f6cf2e5"},"headline":"Retarus in der Abendschau des Bayerischen Fernsehens","datePublished":"2018-10-29T13:40:49+00:00","dateModified":"2026-08-07T06:52:31+00:00","mainEntityOfPage":{"@id":"https:\/\/www.retarus.com\/blog\/de\/retarus-in-der-abendschau-des-bayerischen-fernsehens\/"},"wordCount":123,"commentCount":0,"publisher":{"@id":"https:\/\/www.retarus.com\/blog\/de\/#organization"},"image":{"@id":"https:\/\/www.retarus.com\/blog\/de\/retarus-in-der-abendschau-des-bayerischen-fernsehens\/#primaryimage"},"thumbnailUrl":"https:\/\/www.retarus.com\/blog\/wp-content\/uploads\/sites\/41\/2026\/07\/abendschau.png","keywords":["Cloud Fax","Fernsehen"],"articleSection":["Gesch\u00e4ftskommunikation"],"inLanguage":"de","potentialAction":[{"@type":"CommentAction","name":"Comment","target":["https:\/\/www.retarus.com\/blog\/de\/retarus-in-der-abendschau-des-bayerischen-fernsehens\/#respond"]}]},{"@type":"WebPage","@id":"https:\/\/www.retarus.com\/blog\/de\/retarus-in-der-abendschau-des-bayerischen-fernsehens\/","url":"https:\/\/www.retarus.com\/blog\/de\/retarus-in-der-abendschau-des-bayerischen-fernsehens\/","name":"Retarus in der Abendschau des Bayerischen Fernsehens | Retarus Blog","isPartOf":{"@id":"https:\/\/www.retarus.com\/blog\/de\/#website"},"primaryImageOfPage":{"@id":"https:\/\/www.retarus.com\/blog\/de\/retarus-in-der-abendschau-des-bayerischen-fernsehens\/#primaryimage"},"image":{"@id":"https:\/\/www.retarus.com\/blog\/de\/retarus-in-der-abendschau-des-bayerischen-fernsehens\/#primaryimage"},"thumbnailUrl":"https:\/\/www.retarus.com\/blog\/wp-content\/uploads\/sites\/41\/2026\/07\/abendschau.png","datePublished":"2018-10-29T13:40:49+00:00","dateModified":"2026-08-07T06:52:31+00:00","description":"Am Donnerstag vergangener Woche hat die \u201eAbendschau\u201c des Bayerischen Fernsehens dar\u00fcber berichtet, wer heutzutage noch alles faxt und warum. Retarus spielt darin eine durchaus tragende Rolle.","breadcrumb":{"@id":"https:\/\/www.retarus.com\/blog\/de\/retarus-in-der-abendschau-des-bayerischen-fernsehens\/#breadcrumb"},"inLanguage":"de","potentialAction":[{"@type":"ReadAction","target":["https:\/\/www.retarus.com\/blog\/de\/retarus-in-der-abendschau-des-bayerischen-fernsehens\/"]}]},{"@type":"ImageObject","inLanguage":"de","@id":"https:\/\/www.retarus.com\/blog\/de\/retarus-in-der-abendschau-des-bayerischen-fernsehens\/#primaryimage","url":"https:\/\/www.retarus.com\/blog\/wp-content\/uploads\/sites\/41\/2026\/07\/abendschau.png","contentUrl":"https:\/\/www.retarus.com\/blog\/wp-content\/uploads\/sites\/41\/2026\/07\/abendschau.png","width":1920,"height":1080,"caption":"Retarus-Chef Martin Hager in der \"Abendschau\" vom BR"},{"@type":"BreadcrumbList","@id":"https:\/\/www.retarus.com\/blog\/de\/retarus-in-der-abendschau-des-bayerischen-fernsehens\/#breadcrumb","itemListElement":[{"@type":"ListItem","position":1,"name":"Home","item":"https:\/\/www.retarus.com\/blog\/de\/"},{"@type":"ListItem","position":2,"name":"Retarus in der Abendschau des Bayerischen Fernsehens"}]},{"@type":"WebSite","@id":"https:\/\/www.retarus.com\/blog\/de\/#website","url":"https:\/\/www.retarus.com\/blog\/de\/","name":"Retarus Blog","description":"Enterprise Communication &amp; Cybersecurity","publisher":{"@id":"https:\/\/www.retarus.com\/blog\/de\/#organization"},"potentialAction":[{"@type":"SearchAction","target":{"@type":"EntryPoint","urlTemplate":"https:\/\/www.retarus.com\/blog\/de\/?s={search_term_string}"},"query-input":{"@type":"PropertyValueSpecification","valueRequired":true,"valueName":"search_term_string"}}],"inLanguage":"de"},{"@type":"Organization","@id":"https:\/\/www.retarus.com\/blog\/de\/#organization","name":"retarus GmbH","alternateName":"retarus Inc.","url":"https:\/\/www.retarus.com\/blog\/de\/","logo":{"@type":"ImageObject","inLanguage":"de","@id":"https:\/\/www.retarus.com\/blog\/de\/#\/schema\/logo\/image\/","url":"https:\/\/www.retarus.com\/blog\/wp-content\/uploads\/sites\/41\/2026\/08\/retarus_logo_2025.png","contentUrl":"https:\/\/www.retarus.com\/blog\/wp-content\/uploads\/sites\/41\/2026\/08\/retarus_logo_2025.png","width":696,"height":696,"caption":"retarus GmbH"},"image":{"@id":"https:\/\/www.retarus.com\/blog\/de\/#\/schema\/logo\/image\/"},"sameAs":["https:\/\/www.facebook.com\/retarus","https:\/\/x.com\/retarus","https:\/\/www.linkedin.com\/company\/retarus"],"telephone":"+49 89 5528 0000","foundingDate":"1992-12-02","vatID":"DE811459192"},{"@type":"Person","@id":"https:\/\/www.retarus.com\/blog\/de\/#\/schema\/person\/7f8954d8bf84d75cf384942c5f6cf2e5","name":"Thomas Cloer","image":{"@type":"ImageObject","inLanguage":"de","@id":"https:\/\/secure.gravatar.com\/avatar\/40f29e635bf20bec8e4585fa9ffbe6cd78538b4490bdb632b1d83eea415593b3?s=96&d=mm&r=g","url":"https:\/\/secure.gravatar.com\/avatar\/40f29e635bf20bec8e4585fa9ffbe6cd78538b4490bdb632b1d83eea415593b3?s=96&d=mm&r=g","contentUrl":"https:\/\/secure.gravatar.com\/avatar\/40f29e635bf20bec8e4585fa9ffbe6cd78538b4490bdb632b1d83eea415593b3?s=96&d=mm&r=g","caption":"Thomas Cloer"},"jobTitle":"Corporate Blogger","worksFor":"retarus GmbH"}]}},"_links":{"self":[{"href":"https:\/\/www.retarus.com\/blog\/de\/wp-json\/wp\/v2\/posts\/27732","targetHints":{"allow":["GET"]}}],"collection":[{"href":"https:\/\/www.retarus.com\/blog\/de\/wp-json\/wp\/v2\/posts"}],"about":[{"href":"https:\/\/www.retarus.com\/blog\/de\/wp-json\/wp\/v2\/types\/post"}],"author":[{"embeddable":true,"href":"https:\/\/www.retarus.com\/blog\/de\/wp-json\/wp\/v2\/users\/14"}],"replies":[{"embeddable":true,"href":"https:\/\/www.retarus.com\/blog\/de\/wp-json\/wp\/v2\/comments?post=27732"}],"version-history":[{"count":1,"href":"https:\/\/www.retarus.com\/blog\/de\/wp-json\/wp\/v2\/posts\/27732\/revisions"}],"predecessor-version":[{"id":36933,"href":"https:\/\/www.retarus.com\/blog\/de\/wp-json\/wp\/v2\/posts\/27732\/revisions\/36933"}],"wp:featuredmedia":[{"embeddable":true,"href":"https:\/\/www.retarus.com\/blog\/de\/wp-json\/wp\/v2\/media\/7921"}],"wp:attachment":[{"href":"https:\/\/www.retarus.com\/blog\/de\/wp-json\/wp\/v2\/media?parent=27732"}],"wp:term":[{"taxonomy":"category","embeddable":true,"href":"https:\/\/www.retarus.com\/blog\/de\/wp-json\/wp\/v2\/categories?post=27732"},{"taxonomy":"post_tag","embeddable":true,"href":"https:\/\/www.retarus.com\/blog\/de\/wp-json\/wp\/v2\/tags?post=27732"},{"taxonomy":"ret_content_type","embeddable":true,"href":"https:\/\/www.retarus.com\/blog\/de\/wp-json\/wp\/v2\/ret_content_type?post=27732"}],"curies":[{"name":"wp","href":"https:\/\/api.w.org\/{rel}","templated":true}]}}