{"id":27892,"date":"2019-09-17T12:50:19","date_gmt":"2019-09-17T12:50:19","guid":{"rendered":"https:\/\/www.retarus.com\/blog\/fax-in-der-f-a-s\/"},"modified":"2026-08-06T14:18:55","modified_gmt":"2026-08-06T14:18:55","slug":"fax-in-der-f-a-s","status":"publish","type":"post","link":"https:\/\/www.retarus.com\/blog\/de\/fax-in-der-f-a-s\/","title":{"rendered":"Fax in der \u201eF.A.S.\u201c"},"content":{"rendered":"\n<p class=\"wp-block-paragraph\">Die \u201eFrankfurter Allgemeine Sonntagszeitung\u201c hat am\nvergangenen Sonntag (15. September 2019) ihren Wirtschaftsteil mit einem\ndifferenzierten Vergleich zwischen E-Mail und Fax aufgemacht.<\/p>\n\n\n\n<p class=\"wp-block-paragraph\">Die Redakteurin Corinna Budras zeigt in ihrem Artikel unter\nanderem auf, warum die omnipr\u00e4sente E-Mail nicht immer und \u00fcberall der\nKommunikationskanal der Wahl ist und dass die vermeintliche Uralt-Technik Fax sehr\nwohl auch heute noch ihre Vorz\u00fcge hat \u2013 zum Beispiel, wenn es um den\nDatenschutz geht, der seit Mitte vergangenen Jahres mit der unmittelbaren\nGeltung der Datenschutzgrundverordnung (DSGVO) europaweit auf hohem Niveau\nstandardisiert ist.<\/p>\n\n\n\n<p class=\"wp-block-paragraph\">Der Beitrag macht au\u00dferdem deutlich, dass Fax heute l\u00e4ngst digital sein kann und nicht notwendigerweise noch in Gestalt eines Faxger\u00e4ts mit einer Rolle Thermopapier daherkommen muss. Uns hat aber vor allem gefreut, dass auch Retarus mehrfach erw\u00e4hnt und sogar unser Gr\u00fcnder und Gesch\u00e4ftsf\u00fchrer Martin Hager zitiert wird. Wir wollen aber an dieser Stelle nicht zu viel verraten und empfehlen Ihnen, den ganzen Text zu lesen. Mit einem \u201eF+\u201c-Abonnement finden sie ihn <a href=\"https:\/\/www.faz.net\/aktuell\/wirtschaft\/diginomics\/in-puncto-datensicherheit-schlaegt-das-fax-die-e-mail-16385124.html\">hier<\/a>; Sie k\u00f6nnen den Artikel auch ohne Registrierung einzeln oder als PDF-Faksimile der \u201eF.A.S.\u201c-Zeitungsseite <a href=\"https:\/\/fazarchiv.faz.net\/?q=Fax+schl%C3%A4gt+E-Mail&amp;dosearch=new#hitlist\">f\u00fcr 2,50 Euro kaufen<\/a>.<\/p>\n\n\n\n<p class=\"wp-block-paragraph\">Mehr \u00fcber unsere Cloud Fax Services erfahren Sie bei Interesse <a href=\"https:\/\/www.retarus.com\/de\/services\/fax\/\">auf der Retarus-Website<\/a> oder direkt bei Ihrem <a href=\"https:\/\/www.retarus.com\/de\/contact\/\">Ansprechpartner vor Ort<\/a>. <\/p>\n","protected":false},"excerpt":{"rendered":"<p>Die \u201eFrankfurter Allgemeine Sonntagszeitung\u201c hat am vergangenen Sonntag ihren Wirtschaftsteil mit einem differenzierten Vergleich zwischen E-Mail und Fax aufgemacht.<\/p>\n","protected":false},"author":14,"featured_media":8155,"comment_status":"open","ping_status":"open","sticky":false,"template":"","format":"standard","meta":{"_acf_changed":false,"ret_read_more_text":"","ret_thumb_border":false,"footnotes":""},"categories":[3058],"tags":[642],"ret_content_type":[],"class_list":["post-27892","post","type-post","status-publish","format-standard","has-post-thumbnail","hentry","category-geschaeftskommunikation","tag-cloud-fax-de"],"acf":[],"yoast_head":"<!-- This site is optimized with the Yoast SEO Premium plugin v28.3 (Yoast SEO v28.3) - https:\/\/yoast.com\/product\/yoast-seo-premium-wordpress\/ -->\n<title>Fax in der \u201eF.A.S.\u201c | Retarus Blog<\/title>\n<meta name=\"description\" content=\"Die \u201eFrankfurter Allgemeine Sonntagszeitung\u201c hat am vergangenen Sonntag ihren Wirtschaftsteil mit einem differenzierten Vergleich zwischen E-Mail und Fax aufgemacht.\" \/>\n<meta name=\"robots\" content=\"index, follow, max-snippet:-1, max-image-preview:large, max-video-preview:-1\" \/>\n<link rel=\"canonical\" href=\"https:\/\/www.retarus.com\/blog\/de\/fax-in-der-f-a-s\/\" \/>\n<meta property=\"og:locale\" content=\"de_DE\" \/>\n<meta property=\"og:type\" content=\"article\" \/>\n<meta property=\"og:title\" content=\"Fax in der \u201eF.A.S.\u201c\" \/>\n<meta property=\"og:description\" content=\"Die \u201eFrankfurter Allgemeine Sonntagszeitung\u201c hat am vergangenen Sonntag ihren Wirtschaftsteil mit einem differenzierten Vergleich zwischen E-Mail und Fax aufgemacht.\" \/>\n<meta property=\"og:url\" content=\"https:\/\/www.retarus.com\/blog\/de\/fax-in-der-f-a-s\/\" \/>\n<meta property=\"og:site_name\" content=\"Retarus Blog\" \/>\n<meta property=\"article:publisher\" content=\"https:\/\/www.facebook.com\/retarus\" \/>\n<meta property=\"article:published_time\" content=\"2019-09-17T12:50:19+00:00\" \/>\n<meta property=\"article:modified_time\" content=\"2026-08-06T14:18:55+00:00\" \/>\n<meta property=\"og:image\" content=\"https:\/\/www.retarus.com\/blog-transfer\/wp-content\/uploads\/sites\/41\/2026\/07\/fas.png\" \/>\n\t<meta property=\"og:image:width\" content=\"900\" \/>\n\t<meta property=\"og:image:height\" content=\"507\" \/>\n\t<meta property=\"og:image:type\" content=\"image\/png\" \/>\n<meta name=\"author\" content=\"Thomas Cloer\" \/>\n<meta name=\"twitter:card\" content=\"summary_large_image\" \/>\n<meta name=\"twitter:creator\" content=\"@retarus\" \/>\n<meta name=\"twitter:site\" content=\"@retarus\" \/>\n<meta name=\"twitter:label1\" content=\"Verfasst von\" \/>\n\t<meta name=\"twitter:data1\" content=\"Thomas Cloer\" \/>\n\t<meta name=\"twitter:label2\" content=\"Gesch\u00e4tzte Lesezeit\" \/>\n\t<meta name=\"twitter:data2\" content=\"1\u00a0Minute\" \/>\n<script type=\"application\/ld+json\" class=\"yoast-schema-graph\">{\"@context\":\"https:\\\/\\\/schema.org\",\"@graph\":[{\"@type\":\"Article\",\"@id\":\"https:\\\/\\\/www.retarus.com\\\/blog\\\/de\\\/fax-in-der-f-a-s\\\/#article\",\"isPartOf\":{\"@id\":\"https:\\\/\\\/www.retarus.com\\\/blog\\\/de\\\/fax-in-der-f-a-s\\\/\"},\"author\":{\"name\":\"Thomas Cloer\",\"@id\":\"https:\\\/\\\/www.retarus.com\\\/blog\\\/de\\\/#\\\/schema\\\/person\\\/7f8954d8bf84d75cf384942c5f6cf2e5\"},\"headline\":\"Fax in der \u201eF.A.S.\u201c\",\"datePublished\":\"2019-09-17T12:50:19+00:00\",\"dateModified\":\"2026-08-06T14:18:55+00:00\",\"mainEntityOfPage\":{\"@id\":\"https:\\\/\\\/www.retarus.com\\\/blog\\\/de\\\/fax-in-der-f-a-s\\\/\"},\"wordCount\":213,\"commentCount\":0,\"publisher\":{\"@id\":\"https:\\\/\\\/www.retarus.com\\\/blog\\\/de\\\/#organization\"},\"image\":{\"@id\":\"https:\\\/\\\/www.retarus.com\\\/blog\\\/de\\\/fax-in-der-f-a-s\\\/#primaryimage\"},\"thumbnailUrl\":\"https:\\\/\\\/www.retarus.com\\\/blog\\\/wp-content\\\/uploads\\\/sites\\\/41\\\/2026\\\/07\\\/fas.png\",\"keywords\":[\"Cloud Fax\"],\"articleSection\":[\"Gesch\u00e4ftskommunikation\"],\"inLanguage\":\"de\",\"potentialAction\":[{\"@type\":\"CommentAction\",\"name\":\"Comment\",\"target\":[\"https:\\\/\\\/www.retarus.com\\\/blog\\\/de\\\/fax-in-der-f-a-s\\\/#respond\"]}]},{\"@type\":\"WebPage\",\"@id\":\"https:\\\/\\\/www.retarus.com\\\/blog\\\/de\\\/fax-in-der-f-a-s\\\/\",\"url\":\"https:\\\/\\\/www.retarus.com\\\/blog\\\/de\\\/fax-in-der-f-a-s\\\/\",\"name\":\"Fax in der \u201eF.A.S.\u201c | Retarus Blog\",\"isPartOf\":{\"@id\":\"https:\\\/\\\/www.retarus.com\\\/blog\\\/de\\\/#website\"},\"primaryImageOfPage\":{\"@id\":\"https:\\\/\\\/www.retarus.com\\\/blog\\\/de\\\/fax-in-der-f-a-s\\\/#primaryimage\"},\"image\":{\"@id\":\"https:\\\/\\\/www.retarus.com\\\/blog\\\/de\\\/fax-in-der-f-a-s\\\/#primaryimage\"},\"thumbnailUrl\":\"https:\\\/\\\/www.retarus.com\\\/blog\\\/wp-content\\\/uploads\\\/sites\\\/41\\\/2026\\\/07\\\/fas.png\",\"datePublished\":\"2019-09-17T12:50:19+00:00\",\"dateModified\":\"2026-08-06T14:18:55+00:00\",\"description\":\"Die \u201eFrankfurter Allgemeine Sonntagszeitung\u201c hat am vergangenen Sonntag ihren Wirtschaftsteil mit einem differenzierten Vergleich zwischen E-Mail und Fax aufgemacht.\",\"breadcrumb\":{\"@id\":\"https:\\\/\\\/www.retarus.com\\\/blog\\\/de\\\/fax-in-der-f-a-s\\\/#breadcrumb\"},\"inLanguage\":\"de\",\"potentialAction\":[{\"@type\":\"ReadAction\",\"target\":[\"https:\\\/\\\/www.retarus.com\\\/blog\\\/de\\\/fax-in-der-f-a-s\\\/\"]}]},{\"@type\":\"ImageObject\",\"inLanguage\":\"de\",\"@id\":\"https:\\\/\\\/www.retarus.com\\\/blog\\\/de\\\/fax-in-der-f-a-s\\\/#primaryimage\",\"url\":\"https:\\\/\\\/www.retarus.com\\\/blog\\\/wp-content\\\/uploads\\\/sites\\\/41\\\/2026\\\/07\\\/fas.png\",\"contentUrl\":\"https:\\\/\\\/www.retarus.com\\\/blog\\\/wp-content\\\/uploads\\\/sites\\\/41\\\/2026\\\/07\\\/fas.png\",\"width\":900,\"height\":507,\"caption\":\"Ausriss aus \\\"Fax schl\u00e4gt E-Mail\\\" in der F.A.S.\"},{\"@type\":\"BreadcrumbList\",\"@id\":\"https:\\\/\\\/www.retarus.com\\\/blog\\\/de\\\/fax-in-der-f-a-s\\\/#breadcrumb\",\"itemListElement\":[{\"@type\":\"ListItem\",\"position\":1,\"name\":\"Home\",\"item\":\"https:\\\/\\\/www.retarus.com\\\/blog\\\/de\\\/\"},{\"@type\":\"ListItem\",\"position\":2,\"name\":\"Fax in der \u201eF.A.S.\u201c\"}]},{\"@type\":\"WebSite\",\"@id\":\"https:\\\/\\\/www.retarus.com\\\/blog\\\/de\\\/#website\",\"url\":\"https:\\\/\\\/www.retarus.com\\\/blog\\\/de\\\/\",\"name\":\"Retarus Blog\",\"description\":\"Enterprise Communication &amp; Cybersecurity\",\"publisher\":{\"@id\":\"https:\\\/\\\/www.retarus.com\\\/blog\\\/de\\\/#organization\"},\"potentialAction\":[{\"@type\":\"SearchAction\",\"target\":{\"@type\":\"EntryPoint\",\"urlTemplate\":\"https:\\\/\\\/www.retarus.com\\\/blog\\\/de\\\/?s={search_term_string}\"},\"query-input\":{\"@type\":\"PropertyValueSpecification\",\"valueRequired\":true,\"valueName\":\"search_term_string\"}}],\"inLanguage\":\"de\"},{\"@type\":\"Organization\",\"@id\":\"https:\\\/\\\/www.retarus.com\\\/blog\\\/de\\\/#organization\",\"name\":\"retarus GmbH\",\"alternateName\":\"retarus Inc.\",\"url\":\"https:\\\/\\\/www.retarus.com\\\/blog\\\/de\\\/\",\"logo\":{\"@type\":\"ImageObject\",\"inLanguage\":\"de\",\"@id\":\"https:\\\/\\\/www.retarus.com\\\/blog\\\/de\\\/#\\\/schema\\\/logo\\\/image\\\/\",\"url\":\"https:\\\/\\\/www.retarus.com\\\/blog\\\/wp-content\\\/uploads\\\/sites\\\/41\\\/2026\\\/08\\\/retarus_logo_2025.png\",\"contentUrl\":\"https:\\\/\\\/www.retarus.com\\\/blog\\\/wp-content\\\/uploads\\\/sites\\\/41\\\/2026\\\/08\\\/retarus_logo_2025.png\",\"width\":696,\"height\":696,\"caption\":\"retarus GmbH\"},\"image\":{\"@id\":\"https:\\\/\\\/www.retarus.com\\\/blog\\\/de\\\/#\\\/schema\\\/logo\\\/image\\\/\"},\"sameAs\":[\"https:\\\/\\\/www.facebook.com\\\/retarus\",\"https:\\\/\\\/x.com\\\/retarus\",\"https:\\\/\\\/www.linkedin.com\\\/company\\\/retarus\"],\"telephone\":\"+49 89 5528 0000\",\"foundingDate\":\"1992-12-02\",\"vatID\":\"DE811459192\"},{\"@type\":\"Person\",\"@id\":\"https:\\\/\\\/www.retarus.com\\\/blog\\\/de\\\/#\\\/schema\\\/person\\\/7f8954d8bf84d75cf384942c5f6cf2e5\",\"name\":\"Thomas Cloer\",\"image\":{\"@type\":\"ImageObject\",\"inLanguage\":\"de\",\"@id\":\"https:\\\/\\\/secure.gravatar.com\\\/avatar\\\/40f29e635bf20bec8e4585fa9ffbe6cd78538b4490bdb632b1d83eea415593b3?s=96&d=mm&r=g\",\"url\":\"https:\\\/\\\/secure.gravatar.com\\\/avatar\\\/40f29e635bf20bec8e4585fa9ffbe6cd78538b4490bdb632b1d83eea415593b3?s=96&d=mm&r=g\",\"contentUrl\":\"https:\\\/\\\/secure.gravatar.com\\\/avatar\\\/40f29e635bf20bec8e4585fa9ffbe6cd78538b4490bdb632b1d83eea415593b3?s=96&d=mm&r=g\",\"caption\":\"Thomas Cloer\"},\"jobTitle\":\"Corporate Blogger\",\"worksFor\":\"retarus GmbH\"}]}<\/script>\n<!-- \/ Yoast SEO Premium plugin. -->","yoast_head_json":{"title":"Fax in der \u201eF.A.S.\u201c | Retarus Blog","description":"Die \u201eFrankfurter Allgemeine Sonntagszeitung\u201c hat am vergangenen Sonntag ihren Wirtschaftsteil mit einem differenzierten Vergleich zwischen E-Mail und Fax aufgemacht.","robots":{"index":"index","follow":"follow","max-snippet":"max-snippet:-1","max-image-preview":"max-image-preview:large","max-video-preview":"max-video-preview:-1"},"canonical":"https:\/\/www.retarus.com\/blog\/de\/fax-in-der-f-a-s\/","og_locale":"de_DE","og_type":"article","og_title":"Fax in der \u201eF.A.S.\u201c","og_description":"Die \u201eFrankfurter Allgemeine Sonntagszeitung\u201c hat am vergangenen Sonntag ihren Wirtschaftsteil mit einem differenzierten Vergleich zwischen E-Mail und Fax aufgemacht.","og_url":"https:\/\/www.retarus.com\/blog\/de\/fax-in-der-f-a-s\/","og_site_name":"Retarus Blog","article_publisher":"https:\/\/www.facebook.com\/retarus","article_published_time":"2019-09-17T12:50:19+00:00","article_modified_time":"2026-08-06T14:18:55+00:00","og_image":[{"width":900,"height":507,"url":"https:\/\/www.retarus.com\/blog-transfer\/wp-content\/uploads\/sites\/41\/2026\/07\/fas.png","type":"image\/png"}],"author":"Thomas Cloer","twitter_card":"summary_large_image","twitter_creator":"@retarus","twitter_site":"@retarus","twitter_misc":{"Verfasst von":"Thomas Cloer","Gesch\u00e4tzte Lesezeit":"1\u00a0Minute"},"schema":{"@context":"https:\/\/schema.org","@graph":[{"@type":"Article","@id":"https:\/\/www.retarus.com\/blog\/de\/fax-in-der-f-a-s\/#article","isPartOf":{"@id":"https:\/\/www.retarus.com\/blog\/de\/fax-in-der-f-a-s\/"},"author":{"name":"Thomas Cloer","@id":"https:\/\/www.retarus.com\/blog\/de\/#\/schema\/person\/7f8954d8bf84d75cf384942c5f6cf2e5"},"headline":"Fax in der \u201eF.A.S.\u201c","datePublished":"2019-09-17T12:50:19+00:00","dateModified":"2026-08-06T14:18:55+00:00","mainEntityOfPage":{"@id":"https:\/\/www.retarus.com\/blog\/de\/fax-in-der-f-a-s\/"},"wordCount":213,"commentCount":0,"publisher":{"@id":"https:\/\/www.retarus.com\/blog\/de\/#organization"},"image":{"@id":"https:\/\/www.retarus.com\/blog\/de\/fax-in-der-f-a-s\/#primaryimage"},"thumbnailUrl":"https:\/\/www.retarus.com\/blog\/wp-content\/uploads\/sites\/41\/2026\/07\/fas.png","keywords":["Cloud Fax"],"articleSection":["Gesch\u00e4ftskommunikation"],"inLanguage":"de","potentialAction":[{"@type":"CommentAction","name":"Comment","target":["https:\/\/www.retarus.com\/blog\/de\/fax-in-der-f-a-s\/#respond"]}]},{"@type":"WebPage","@id":"https:\/\/www.retarus.com\/blog\/de\/fax-in-der-f-a-s\/","url":"https:\/\/www.retarus.com\/blog\/de\/fax-in-der-f-a-s\/","name":"Fax in der \u201eF.A.S.\u201c | Retarus Blog","isPartOf":{"@id":"https:\/\/www.retarus.com\/blog\/de\/#website"},"primaryImageOfPage":{"@id":"https:\/\/www.retarus.com\/blog\/de\/fax-in-der-f-a-s\/#primaryimage"},"image":{"@id":"https:\/\/www.retarus.com\/blog\/de\/fax-in-der-f-a-s\/#primaryimage"},"thumbnailUrl":"https:\/\/www.retarus.com\/blog\/wp-content\/uploads\/sites\/41\/2026\/07\/fas.png","datePublished":"2019-09-17T12:50:19+00:00","dateModified":"2026-08-06T14:18:55+00:00","description":"Die \u201eFrankfurter Allgemeine Sonntagszeitung\u201c hat am vergangenen Sonntag ihren Wirtschaftsteil mit einem differenzierten Vergleich zwischen E-Mail und Fax aufgemacht.","breadcrumb":{"@id":"https:\/\/www.retarus.com\/blog\/de\/fax-in-der-f-a-s\/#breadcrumb"},"inLanguage":"de","potentialAction":[{"@type":"ReadAction","target":["https:\/\/www.retarus.com\/blog\/de\/fax-in-der-f-a-s\/"]}]},{"@type":"ImageObject","inLanguage":"de","@id":"https:\/\/www.retarus.com\/blog\/de\/fax-in-der-f-a-s\/#primaryimage","url":"https:\/\/www.retarus.com\/blog\/wp-content\/uploads\/sites\/41\/2026\/07\/fas.png","contentUrl":"https:\/\/www.retarus.com\/blog\/wp-content\/uploads\/sites\/41\/2026\/07\/fas.png","width":900,"height":507,"caption":"Ausriss aus \"Fax schl\u00e4gt E-Mail\" in der F.A.S."},{"@type":"BreadcrumbList","@id":"https:\/\/www.retarus.com\/blog\/de\/fax-in-der-f-a-s\/#breadcrumb","itemListElement":[{"@type":"ListItem","position":1,"name":"Home","item":"https:\/\/www.retarus.com\/blog\/de\/"},{"@type":"ListItem","position":2,"name":"Fax in der \u201eF.A.S.\u201c"}]},{"@type":"WebSite","@id":"https:\/\/www.retarus.com\/blog\/de\/#website","url":"https:\/\/www.retarus.com\/blog\/de\/","name":"Retarus Blog","description":"Enterprise Communication &amp; Cybersecurity","publisher":{"@id":"https:\/\/www.retarus.com\/blog\/de\/#organization"},"potentialAction":[{"@type":"SearchAction","target":{"@type":"EntryPoint","urlTemplate":"https:\/\/www.retarus.com\/blog\/de\/?s={search_term_string}"},"query-input":{"@type":"PropertyValueSpecification","valueRequired":true,"valueName":"search_term_string"}}],"inLanguage":"de"},{"@type":"Organization","@id":"https:\/\/www.retarus.com\/blog\/de\/#organization","name":"retarus GmbH","alternateName":"retarus Inc.","url":"https:\/\/www.retarus.com\/blog\/de\/","logo":{"@type":"ImageObject","inLanguage":"de","@id":"https:\/\/www.retarus.com\/blog\/de\/#\/schema\/logo\/image\/","url":"https:\/\/www.retarus.com\/blog\/wp-content\/uploads\/sites\/41\/2026\/08\/retarus_logo_2025.png","contentUrl":"https:\/\/www.retarus.com\/blog\/wp-content\/uploads\/sites\/41\/2026\/08\/retarus_logo_2025.png","width":696,"height":696,"caption":"retarus GmbH"},"image":{"@id":"https:\/\/www.retarus.com\/blog\/de\/#\/schema\/logo\/image\/"},"sameAs":["https:\/\/www.facebook.com\/retarus","https:\/\/x.com\/retarus","https:\/\/www.linkedin.com\/company\/retarus"],"telephone":"+49 89 5528 0000","foundingDate":"1992-12-02","vatID":"DE811459192"},{"@type":"Person","@id":"https:\/\/www.retarus.com\/blog\/de\/#\/schema\/person\/7f8954d8bf84d75cf384942c5f6cf2e5","name":"Thomas Cloer","image":{"@type":"ImageObject","inLanguage":"de","@id":"https:\/\/secure.gravatar.com\/avatar\/40f29e635bf20bec8e4585fa9ffbe6cd78538b4490bdb632b1d83eea415593b3?s=96&d=mm&r=g","url":"https:\/\/secure.gravatar.com\/avatar\/40f29e635bf20bec8e4585fa9ffbe6cd78538b4490bdb632b1d83eea415593b3?s=96&d=mm&r=g","contentUrl":"https:\/\/secure.gravatar.com\/avatar\/40f29e635bf20bec8e4585fa9ffbe6cd78538b4490bdb632b1d83eea415593b3?s=96&d=mm&r=g","caption":"Thomas Cloer"},"jobTitle":"Corporate Blogger","worksFor":"retarus GmbH"}]}},"_links":{"self":[{"href":"https:\/\/www.retarus.com\/blog\/de\/wp-json\/wp\/v2\/posts\/27892","targetHints":{"allow":["GET"]}}],"collection":[{"href":"https:\/\/www.retarus.com\/blog\/de\/wp-json\/wp\/v2\/posts"}],"about":[{"href":"https:\/\/www.retarus.com\/blog\/de\/wp-json\/wp\/v2\/types\/post"}],"author":[{"embeddable":true,"href":"https:\/\/www.retarus.com\/blog\/de\/wp-json\/wp\/v2\/users\/14"}],"replies":[{"embeddable":true,"href":"https:\/\/www.retarus.com\/blog\/de\/wp-json\/wp\/v2\/comments?post=27892"}],"version-history":[{"count":1,"href":"https:\/\/www.retarus.com\/blog\/de\/wp-json\/wp\/v2\/posts\/27892\/revisions"}],"predecessor-version":[{"id":35133,"href":"https:\/\/www.retarus.com\/blog\/de\/wp-json\/wp\/v2\/posts\/27892\/revisions\/35133"}],"wp:featuredmedia":[{"embeddable":true,"href":"https:\/\/www.retarus.com\/blog\/de\/wp-json\/wp\/v2\/media\/8155"}],"wp:attachment":[{"href":"https:\/\/www.retarus.com\/blog\/de\/wp-json\/wp\/v2\/media?parent=27892"}],"wp:term":[{"taxonomy":"category","embeddable":true,"href":"https:\/\/www.retarus.com\/blog\/de\/wp-json\/wp\/v2\/categories?post=27892"},{"taxonomy":"post_tag","embeddable":true,"href":"https:\/\/www.retarus.com\/blog\/de\/wp-json\/wp\/v2\/tags?post=27892"},{"taxonomy":"ret_content_type","embeddable":true,"href":"https:\/\/www.retarus.com\/blog\/de\/wp-json\/wp\/v2\/ret_content_type?post=27892"}],"curies":[{"name":"wp","href":"https:\/\/api.w.org\/{rel}","templated":true}]}}