{"id":28257,"date":"2021-10-19T09:22:00","date_gmt":"2021-10-19T09:22:00","guid":{"rendered":"https:\/\/www.retarus.com\/blog\/it-sa-rueckblick-endlich-mal-wieder-eine-richtige-messe\/"},"modified":"2026-08-12T14:45:47","modified_gmt":"2026-08-12T14:45:47","slug":"it-sa-rueckblick-endlich-mal-wieder-eine-richtige-messe","status":"publish","type":"post","link":"https:\/\/www.retarus.com\/blog\/de\/it-sa-rueckblick-endlich-mal-wieder-eine-richtige-messe\/","title":{"rendered":"it-sa-R\u00fcckblick: Endlich mal wieder eine richtige Messe"},"content":{"rendered":"\n<p class=\"wp-block-paragraph\">Auch wenn die it-sa in N\u00fcrnberg dieses Jahr Corona-bedingt merklich kleiner ausgefallen ist als 2019: Es hat sich richtig gut angef\u00fchlt, endlich mal wieder auf einer physischen Messe zu sein und Kunden, Interessenten und Partnern pers\u00f6nlich zu begegnen. Das war richtig und wichtig.<\/p>\n\n\n\n<p class=\"wp-block-paragraph\">Wir als Retarus haben uns auf der it-sa 2021 mit unseren deutschen Tugenden <a href=\"https:\/\/www.it-business.de\/die-it-sa-endlich-wieder-live-gal-9526\/?p=2#gallerydetail\">pr\u00e4sentiert<\/a>, augenzwinkernd nat\u00fcrlich. Das hat richtig Spa\u00df gemacht. Vor allem am Mittwoch waren die Hallen doch durchaus gut gef\u00fcllt. Und die Besucher, die vor Ort waren, hatten <a href=\"https:\/\/www.ict-channel.com\/security\/die-security-branche-trifft-sich-in-nuernberg.126051.html\">echten Bedarf, hohes Interesse<\/a> und etwas mehr Zeit als sonst mitgebracht.<\/p>\n\n\n\n<p class=\"wp-block-paragraph\">Beim <a href=\"https:\/\/www.retarus.com\/de\/event\/vortrag-e-mail-zu-ende-gedacht-von-e-mail-security-bis-continuity\/\" target=\"_blank\" rel=\"noreferrer noopener\">Fachvortrag unserer Kollegen Martin Mathlouthi und S\u00f6ren Schulte<\/a> wurden mehr als 100 Teilnehmer gez\u00e4hlt \u2013 laut Veranstalter war es damit der am besten besuchte. Nicht nur deswegen werten wir unseren diesj\u00e4hrigen it-sa-Auftritt als vollen Erfolg. Ein paar Fotos m\u00f6chten wir Ihnen nicht vorenthalten.<\/p>\n\n\n\n<div style=\"height:20px\" aria-hidden=\"true\" class=\"wp-block-spacer\"><\/div>\n\n\n\n<div class=\"wp-block-responsive-lightbox-gallery\">[rl_gallery id=&#8220;15948&#8243;]<\/div>\n","protected":false},"excerpt":{"rendered":"<p>Auch wenn die it-sa in N\u00fcrnberg dieses Jahr Corona-bedingt merklich kleiner ausgefallen ist als 2019: Es hat sich richtig gut angef\u00fchlt, endlich mal wieder auf einer physischen Messe zu sein und Kunden, Interessenten und Partnern pers\u00f6nlich zu begegnen. Das war richtig und wichtig.<\/p>\n","protected":false},"author":14,"featured_media":8703,"comment_status":"open","ping_status":"open","sticky":false,"template":"","format":"standard","meta":{"_acf_changed":false,"ret_read_more_text":"","ret_thumb_border":false,"footnotes":""},"categories":[3056],"tags":[],"ret_content_type":[3080],"class_list":["post-28257","post","type-post","status-publish","format-standard","has-post-thumbnail","hentry","category-cybersicherheit","ret_content_type-veranstaltungen"],"acf":[],"yoast_head":"<!-- This site is optimized with the Yoast SEO Premium plugin v28.3 (Yoast SEO v28.3) - https:\/\/yoast.com\/product\/yoast-seo-premium-wordpress\/ -->\n<title>it-sa-R\u00fcckblick: Endlich mal wieder eine richtige Messe | Retarus Blog<\/title>\n<meta name=\"description\" content=\"Auch wenn die it-sa in N\u00fcrnberg dieses Jahr Corona-bedingt merklich kleiner ausgefallen ist als 2019: Es hat sich richtig gut angef\u00fchlt, endlich mal wieder auf einer physischen Messe zu sein und Kunden, Interessenten und Partnern pers\u00f6nlich zu begegnen. Das war richtig und wichtig.\" \/>\n<meta name=\"robots\" content=\"index, follow, max-snippet:-1, max-image-preview:large, max-video-preview:-1\" \/>\n<link rel=\"canonical\" href=\"https:\/\/www.retarus.com\/blog\/de\/it-sa-rueckblick-endlich-mal-wieder-eine-richtige-messe\/\" \/>\n<meta property=\"og:locale\" content=\"de_DE\" \/>\n<meta property=\"og:type\" content=\"article\" \/>\n<meta property=\"og:title\" content=\"it-sa-R\u00fcckblick: Endlich mal wieder eine richtige Messe\" \/>\n<meta property=\"og:description\" content=\"Auch wenn die it-sa in N\u00fcrnberg dieses Jahr Corona-bedingt merklich kleiner ausgefallen ist als 2019: Es hat sich richtig gut angef\u00fchlt, endlich mal wieder auf einer physischen Messe zu sein und Kunden, Interessenten und Partnern pers\u00f6nlich zu begegnen. Das war richtig und wichtig.\" \/>\n<meta property=\"og:url\" content=\"https:\/\/www.retarus.com\/blog\/de\/it-sa-rueckblick-endlich-mal-wieder-eine-richtige-messe\/\" \/>\n<meta property=\"og:site_name\" content=\"Retarus Blog\" \/>\n<meta property=\"article:publisher\" content=\"https:\/\/www.facebook.com\/retarus\" \/>\n<meta property=\"article:published_time\" content=\"2021-10-19T09:22:00+00:00\" \/>\n<meta property=\"article:modified_time\" content=\"2026-08-12T14:45:47+00:00\" \/>\n<meta property=\"og:image\" content=\"https:\/\/www.retarus.com\/blog-transfer\/wp-content\/uploads\/sites\/41\/2026\/07\/it-sa_featured.jpg\" \/>\n\t<meta property=\"og:image:width\" content=\"1280\" \/>\n\t<meta property=\"og:image:height\" content=\"721\" \/>\n\t<meta property=\"og:image:type\" content=\"image\/jpeg\" \/>\n<meta name=\"author\" content=\"Thomas Cloer\" \/>\n<meta name=\"twitter:card\" content=\"summary_large_image\" \/>\n<meta name=\"twitter:creator\" content=\"@retarus\" \/>\n<meta name=\"twitter:site\" content=\"@retarus\" \/>\n<meta name=\"twitter:label1\" content=\"Verfasst von\" \/>\n\t<meta name=\"twitter:data1\" content=\"Thomas Cloer\" \/>\n\t<meta name=\"twitter:label2\" content=\"Gesch\u00e4tzte Lesezeit\" \/>\n\t<meta name=\"twitter:data2\" content=\"1\u00a0Minute\" \/>\n<script type=\"application\/ld+json\" class=\"yoast-schema-graph\">{\"@context\":\"https:\\\/\\\/schema.org\",\"@graph\":[{\"@type\":\"Article\",\"@id\":\"https:\\\/\\\/www.retarus.com\\\/blog\\\/de\\\/it-sa-rueckblick-endlich-mal-wieder-eine-richtige-messe\\\/#article\",\"isPartOf\":{\"@id\":\"https:\\\/\\\/www.retarus.com\\\/blog\\\/de\\\/it-sa-rueckblick-endlich-mal-wieder-eine-richtige-messe\\\/\"},\"author\":{\"name\":\"Thomas Cloer\",\"@id\":\"https:\\\/\\\/www.retarus.com\\\/blog\\\/de\\\/#\\\/schema\\\/person\\\/7f8954d8bf84d75cf384942c5f6cf2e5\"},\"headline\":\"it-sa-R\u00fcckblick: Endlich mal wieder eine richtige Messe\",\"datePublished\":\"2021-10-19T09:22:00+00:00\",\"dateModified\":\"2026-08-12T14:45:47+00:00\",\"mainEntityOfPage\":{\"@id\":\"https:\\\/\\\/www.retarus.com\\\/blog\\\/de\\\/it-sa-rueckblick-endlich-mal-wieder-eine-richtige-messe\\\/\"},\"wordCount\":155,\"commentCount\":0,\"publisher\":{\"@id\":\"https:\\\/\\\/www.retarus.com\\\/blog\\\/de\\\/#organization\"},\"image\":{\"@id\":\"https:\\\/\\\/www.retarus.com\\\/blog\\\/de\\\/it-sa-rueckblick-endlich-mal-wieder-eine-richtige-messe\\\/#primaryimage\"},\"thumbnailUrl\":\"https:\\\/\\\/www.retarus.com\\\/blog\\\/wp-content\\\/uploads\\\/sites\\\/41\\\/2026\\\/07\\\/it-sa_featured.jpg\",\"articleSection\":[\"Cybersicherheit\"],\"inLanguage\":\"de\",\"potentialAction\":[{\"@type\":\"CommentAction\",\"name\":\"Comment\",\"target\":[\"https:\\\/\\\/www.retarus.com\\\/blog\\\/de\\\/it-sa-rueckblick-endlich-mal-wieder-eine-richtige-messe\\\/#respond\"]}]},{\"@type\":\"WebPage\",\"@id\":\"https:\\\/\\\/www.retarus.com\\\/blog\\\/de\\\/it-sa-rueckblick-endlich-mal-wieder-eine-richtige-messe\\\/\",\"url\":\"https:\\\/\\\/www.retarus.com\\\/blog\\\/de\\\/it-sa-rueckblick-endlich-mal-wieder-eine-richtige-messe\\\/\",\"name\":\"it-sa-R\u00fcckblick: Endlich mal wieder eine richtige Messe | Retarus Blog\",\"isPartOf\":{\"@id\":\"https:\\\/\\\/www.retarus.com\\\/blog\\\/de\\\/#website\"},\"primaryImageOfPage\":{\"@id\":\"https:\\\/\\\/www.retarus.com\\\/blog\\\/de\\\/it-sa-rueckblick-endlich-mal-wieder-eine-richtige-messe\\\/#primaryimage\"},\"image\":{\"@id\":\"https:\\\/\\\/www.retarus.com\\\/blog\\\/de\\\/it-sa-rueckblick-endlich-mal-wieder-eine-richtige-messe\\\/#primaryimage\"},\"thumbnailUrl\":\"https:\\\/\\\/www.retarus.com\\\/blog\\\/wp-content\\\/uploads\\\/sites\\\/41\\\/2026\\\/07\\\/it-sa_featured.jpg\",\"datePublished\":\"2021-10-19T09:22:00+00:00\",\"dateModified\":\"2026-08-12T14:45:47+00:00\",\"description\":\"Auch wenn die it-sa in N\u00fcrnberg dieses Jahr Corona-bedingt merklich kleiner ausgefallen ist als 2019: Es hat sich richtig gut angef\u00fchlt, endlich mal wieder auf einer physischen Messe zu sein und Kunden, Interessenten und Partnern pers\u00f6nlich zu begegnen. Das war richtig und wichtig.\",\"breadcrumb\":{\"@id\":\"https:\\\/\\\/www.retarus.com\\\/blog\\\/de\\\/it-sa-rueckblick-endlich-mal-wieder-eine-richtige-messe\\\/#breadcrumb\"},\"inLanguage\":\"de\",\"potentialAction\":[{\"@type\":\"ReadAction\",\"target\":[\"https:\\\/\\\/www.retarus.com\\\/blog\\\/de\\\/it-sa-rueckblick-endlich-mal-wieder-eine-richtige-messe\\\/\"]}]},{\"@type\":\"ImageObject\",\"inLanguage\":\"de\",\"@id\":\"https:\\\/\\\/www.retarus.com\\\/blog\\\/de\\\/it-sa-rueckblick-endlich-mal-wieder-eine-richtige-messe\\\/#primaryimage\",\"url\":\"https:\\\/\\\/www.retarus.com\\\/blog\\\/wp-content\\\/uploads\\\/sites\\\/41\\\/2026\\\/07\\\/it-sa_featured.jpg\",\"contentUrl\":\"https:\\\/\\\/www.retarus.com\\\/blog\\\/wp-content\\\/uploads\\\/sites\\\/41\\\/2026\\\/07\\\/it-sa_featured.jpg\",\"width\":1280,\"height\":721,\"caption\":\"Das Retarus-Team auf dem Messestand der it-sa 2021\"},{\"@type\":\"BreadcrumbList\",\"@id\":\"https:\\\/\\\/www.retarus.com\\\/blog\\\/de\\\/it-sa-rueckblick-endlich-mal-wieder-eine-richtige-messe\\\/#breadcrumb\",\"itemListElement\":[{\"@type\":\"ListItem\",\"position\":1,\"name\":\"Home\",\"item\":\"https:\\\/\\\/www.retarus.com\\\/blog\\\/de\\\/\"},{\"@type\":\"ListItem\",\"position\":2,\"name\":\"it-sa-R\u00fcckblick: Endlich mal wieder eine richtige Messe\"}]},{\"@type\":\"WebSite\",\"@id\":\"https:\\\/\\\/www.retarus.com\\\/blog\\\/de\\\/#website\",\"url\":\"https:\\\/\\\/www.retarus.com\\\/blog\\\/de\\\/\",\"name\":\"Retarus Blog\",\"description\":\"Enterprise Communication &amp; Cybersecurity\",\"publisher\":{\"@id\":\"https:\\\/\\\/www.retarus.com\\\/blog\\\/de\\\/#organization\"},\"potentialAction\":[{\"@type\":\"SearchAction\",\"target\":{\"@type\":\"EntryPoint\",\"urlTemplate\":\"https:\\\/\\\/www.retarus.com\\\/blog\\\/de\\\/?s={search_term_string}\"},\"query-input\":{\"@type\":\"PropertyValueSpecification\",\"valueRequired\":true,\"valueName\":\"search_term_string\"}}],\"inLanguage\":\"de\"},{\"@type\":\"Organization\",\"@id\":\"https:\\\/\\\/www.retarus.com\\\/blog\\\/de\\\/#organization\",\"name\":\"retarus GmbH\",\"alternateName\":\"retarus Inc.\",\"url\":\"https:\\\/\\\/www.retarus.com\\\/blog\\\/de\\\/\",\"logo\":{\"@type\":\"ImageObject\",\"inLanguage\":\"de\",\"@id\":\"https:\\\/\\\/www.retarus.com\\\/blog\\\/de\\\/#\\\/schema\\\/logo\\\/image\\\/\",\"url\":\"https:\\\/\\\/www.retarus.com\\\/blog\\\/wp-content\\\/uploads\\\/sites\\\/41\\\/2026\\\/08\\\/retarus_logo_2025.png\",\"contentUrl\":\"https:\\\/\\\/www.retarus.com\\\/blog\\\/wp-content\\\/uploads\\\/sites\\\/41\\\/2026\\\/08\\\/retarus_logo_2025.png\",\"width\":696,\"height\":696,\"caption\":\"retarus GmbH\"},\"image\":{\"@id\":\"https:\\\/\\\/www.retarus.com\\\/blog\\\/de\\\/#\\\/schema\\\/logo\\\/image\\\/\"},\"sameAs\":[\"https:\\\/\\\/www.facebook.com\\\/retarus\",\"https:\\\/\\\/x.com\\\/retarus\",\"https:\\\/\\\/www.linkedin.com\\\/company\\\/retarus\"],\"telephone\":\"+49 89 5528 0000\",\"foundingDate\":\"1992-12-02\",\"vatID\":\"DE811459192\"},{\"@type\":\"Person\",\"@id\":\"https:\\\/\\\/www.retarus.com\\\/blog\\\/de\\\/#\\\/schema\\\/person\\\/7f8954d8bf84d75cf384942c5f6cf2e5\",\"name\":\"Thomas Cloer\",\"image\":{\"@type\":\"ImageObject\",\"inLanguage\":\"de\",\"@id\":\"https:\\\/\\\/secure.gravatar.com\\\/avatar\\\/40f29e635bf20bec8e4585fa9ffbe6cd78538b4490bdb632b1d83eea415593b3?s=96&d=mm&r=g\",\"url\":\"https:\\\/\\\/secure.gravatar.com\\\/avatar\\\/40f29e635bf20bec8e4585fa9ffbe6cd78538b4490bdb632b1d83eea415593b3?s=96&d=mm&r=g\",\"contentUrl\":\"https:\\\/\\\/secure.gravatar.com\\\/avatar\\\/40f29e635bf20bec8e4585fa9ffbe6cd78538b4490bdb632b1d83eea415593b3?s=96&d=mm&r=g\",\"caption\":\"Thomas Cloer\"},\"jobTitle\":\"Corporate Blogger\",\"worksFor\":\"retarus GmbH\"}]}<\/script>\n<!-- \/ Yoast SEO Premium plugin. -->","yoast_head_json":{"title":"it-sa-R\u00fcckblick: Endlich mal wieder eine richtige Messe | Retarus Blog","description":"Auch wenn die it-sa in N\u00fcrnberg dieses Jahr Corona-bedingt merklich kleiner ausgefallen ist als 2019: Es hat sich richtig gut angef\u00fchlt, endlich mal wieder auf einer physischen Messe zu sein und Kunden, Interessenten und Partnern pers\u00f6nlich zu begegnen. Das war richtig und wichtig.","robots":{"index":"index","follow":"follow","max-snippet":"max-snippet:-1","max-image-preview":"max-image-preview:large","max-video-preview":"max-video-preview:-1"},"canonical":"https:\/\/www.retarus.com\/blog\/de\/it-sa-rueckblick-endlich-mal-wieder-eine-richtige-messe\/","og_locale":"de_DE","og_type":"article","og_title":"it-sa-R\u00fcckblick: Endlich mal wieder eine richtige Messe","og_description":"Auch wenn die it-sa in N\u00fcrnberg dieses Jahr Corona-bedingt merklich kleiner ausgefallen ist als 2019: Es hat sich richtig gut angef\u00fchlt, endlich mal wieder auf einer physischen Messe zu sein und Kunden, Interessenten und Partnern pers\u00f6nlich zu begegnen. Das war richtig und wichtig.","og_url":"https:\/\/www.retarus.com\/blog\/de\/it-sa-rueckblick-endlich-mal-wieder-eine-richtige-messe\/","og_site_name":"Retarus Blog","article_publisher":"https:\/\/www.facebook.com\/retarus","article_published_time":"2021-10-19T09:22:00+00:00","article_modified_time":"2026-08-12T14:45:47+00:00","og_image":[{"width":1280,"height":721,"url":"https:\/\/www.retarus.com\/blog-transfer\/wp-content\/uploads\/sites\/41\/2026\/07\/it-sa_featured.jpg","type":"image\/jpeg"}],"author":"Thomas Cloer","twitter_card":"summary_large_image","twitter_creator":"@retarus","twitter_site":"@retarus","twitter_misc":{"Verfasst von":"Thomas Cloer","Gesch\u00e4tzte Lesezeit":"1\u00a0Minute"},"schema":{"@context":"https:\/\/schema.org","@graph":[{"@type":"Article","@id":"https:\/\/www.retarus.com\/blog\/de\/it-sa-rueckblick-endlich-mal-wieder-eine-richtige-messe\/#article","isPartOf":{"@id":"https:\/\/www.retarus.com\/blog\/de\/it-sa-rueckblick-endlich-mal-wieder-eine-richtige-messe\/"},"author":{"name":"Thomas Cloer","@id":"https:\/\/www.retarus.com\/blog\/de\/#\/schema\/person\/7f8954d8bf84d75cf384942c5f6cf2e5"},"headline":"it-sa-R\u00fcckblick: Endlich mal wieder eine richtige Messe","datePublished":"2021-10-19T09:22:00+00:00","dateModified":"2026-08-12T14:45:47+00:00","mainEntityOfPage":{"@id":"https:\/\/www.retarus.com\/blog\/de\/it-sa-rueckblick-endlich-mal-wieder-eine-richtige-messe\/"},"wordCount":155,"commentCount":0,"publisher":{"@id":"https:\/\/www.retarus.com\/blog\/de\/#organization"},"image":{"@id":"https:\/\/www.retarus.com\/blog\/de\/it-sa-rueckblick-endlich-mal-wieder-eine-richtige-messe\/#primaryimage"},"thumbnailUrl":"https:\/\/www.retarus.com\/blog\/wp-content\/uploads\/sites\/41\/2026\/07\/it-sa_featured.jpg","articleSection":["Cybersicherheit"],"inLanguage":"de","potentialAction":[{"@type":"CommentAction","name":"Comment","target":["https:\/\/www.retarus.com\/blog\/de\/it-sa-rueckblick-endlich-mal-wieder-eine-richtige-messe\/#respond"]}]},{"@type":"WebPage","@id":"https:\/\/www.retarus.com\/blog\/de\/it-sa-rueckblick-endlich-mal-wieder-eine-richtige-messe\/","url":"https:\/\/www.retarus.com\/blog\/de\/it-sa-rueckblick-endlich-mal-wieder-eine-richtige-messe\/","name":"it-sa-R\u00fcckblick: Endlich mal wieder eine richtige Messe | Retarus Blog","isPartOf":{"@id":"https:\/\/www.retarus.com\/blog\/de\/#website"},"primaryImageOfPage":{"@id":"https:\/\/www.retarus.com\/blog\/de\/it-sa-rueckblick-endlich-mal-wieder-eine-richtige-messe\/#primaryimage"},"image":{"@id":"https:\/\/www.retarus.com\/blog\/de\/it-sa-rueckblick-endlich-mal-wieder-eine-richtige-messe\/#primaryimage"},"thumbnailUrl":"https:\/\/www.retarus.com\/blog\/wp-content\/uploads\/sites\/41\/2026\/07\/it-sa_featured.jpg","datePublished":"2021-10-19T09:22:00+00:00","dateModified":"2026-08-12T14:45:47+00:00","description":"Auch wenn die it-sa in N\u00fcrnberg dieses Jahr Corona-bedingt merklich kleiner ausgefallen ist als 2019: Es hat sich richtig gut angef\u00fchlt, endlich mal wieder auf einer physischen Messe zu sein und Kunden, Interessenten und Partnern pers\u00f6nlich zu begegnen. Das war richtig und wichtig.","breadcrumb":{"@id":"https:\/\/www.retarus.com\/blog\/de\/it-sa-rueckblick-endlich-mal-wieder-eine-richtige-messe\/#breadcrumb"},"inLanguage":"de","potentialAction":[{"@type":"ReadAction","target":["https:\/\/www.retarus.com\/blog\/de\/it-sa-rueckblick-endlich-mal-wieder-eine-richtige-messe\/"]}]},{"@type":"ImageObject","inLanguage":"de","@id":"https:\/\/www.retarus.com\/blog\/de\/it-sa-rueckblick-endlich-mal-wieder-eine-richtige-messe\/#primaryimage","url":"https:\/\/www.retarus.com\/blog\/wp-content\/uploads\/sites\/41\/2026\/07\/it-sa_featured.jpg","contentUrl":"https:\/\/www.retarus.com\/blog\/wp-content\/uploads\/sites\/41\/2026\/07\/it-sa_featured.jpg","width":1280,"height":721,"caption":"Das Retarus-Team auf dem Messestand der it-sa 2021"},{"@type":"BreadcrumbList","@id":"https:\/\/www.retarus.com\/blog\/de\/it-sa-rueckblick-endlich-mal-wieder-eine-richtige-messe\/#breadcrumb","itemListElement":[{"@type":"ListItem","position":1,"name":"Home","item":"https:\/\/www.retarus.com\/blog\/de\/"},{"@type":"ListItem","position":2,"name":"it-sa-R\u00fcckblick: Endlich mal wieder eine richtige Messe"}]},{"@type":"WebSite","@id":"https:\/\/www.retarus.com\/blog\/de\/#website","url":"https:\/\/www.retarus.com\/blog\/de\/","name":"Retarus Blog","description":"Enterprise Communication &amp; Cybersecurity","publisher":{"@id":"https:\/\/www.retarus.com\/blog\/de\/#organization"},"potentialAction":[{"@type":"SearchAction","target":{"@type":"EntryPoint","urlTemplate":"https:\/\/www.retarus.com\/blog\/de\/?s={search_term_string}"},"query-input":{"@type":"PropertyValueSpecification","valueRequired":true,"valueName":"search_term_string"}}],"inLanguage":"de"},{"@type":"Organization","@id":"https:\/\/www.retarus.com\/blog\/de\/#organization","name":"retarus GmbH","alternateName":"retarus Inc.","url":"https:\/\/www.retarus.com\/blog\/de\/","logo":{"@type":"ImageObject","inLanguage":"de","@id":"https:\/\/www.retarus.com\/blog\/de\/#\/schema\/logo\/image\/","url":"https:\/\/www.retarus.com\/blog\/wp-content\/uploads\/sites\/41\/2026\/08\/retarus_logo_2025.png","contentUrl":"https:\/\/www.retarus.com\/blog\/wp-content\/uploads\/sites\/41\/2026\/08\/retarus_logo_2025.png","width":696,"height":696,"caption":"retarus GmbH"},"image":{"@id":"https:\/\/www.retarus.com\/blog\/de\/#\/schema\/logo\/image\/"},"sameAs":["https:\/\/www.facebook.com\/retarus","https:\/\/x.com\/retarus","https:\/\/www.linkedin.com\/company\/retarus"],"telephone":"+49 89 5528 0000","foundingDate":"1992-12-02","vatID":"DE811459192"},{"@type":"Person","@id":"https:\/\/www.retarus.com\/blog\/de\/#\/schema\/person\/7f8954d8bf84d75cf384942c5f6cf2e5","name":"Thomas Cloer","image":{"@type":"ImageObject","inLanguage":"de","@id":"https:\/\/secure.gravatar.com\/avatar\/40f29e635bf20bec8e4585fa9ffbe6cd78538b4490bdb632b1d83eea415593b3?s=96&d=mm&r=g","url":"https:\/\/secure.gravatar.com\/avatar\/40f29e635bf20bec8e4585fa9ffbe6cd78538b4490bdb632b1d83eea415593b3?s=96&d=mm&r=g","contentUrl":"https:\/\/secure.gravatar.com\/avatar\/40f29e635bf20bec8e4585fa9ffbe6cd78538b4490bdb632b1d83eea415593b3?s=96&d=mm&r=g","caption":"Thomas Cloer"},"jobTitle":"Corporate Blogger","worksFor":"retarus GmbH"}]}},"_links":{"self":[{"href":"https:\/\/www.retarus.com\/blog\/de\/wp-json\/wp\/v2\/posts\/28257","targetHints":{"allow":["GET"]}}],"collection":[{"href":"https:\/\/www.retarus.com\/blog\/de\/wp-json\/wp\/v2\/posts"}],"about":[{"href":"https:\/\/www.retarus.com\/blog\/de\/wp-json\/wp\/v2\/types\/post"}],"author":[{"embeddable":true,"href":"https:\/\/www.retarus.com\/blog\/de\/wp-json\/wp\/v2\/users\/14"}],"replies":[{"embeddable":true,"href":"https:\/\/www.retarus.com\/blog\/de\/wp-json\/wp\/v2\/comments?post=28257"}],"version-history":[{"count":1,"href":"https:\/\/www.retarus.com\/blog\/de\/wp-json\/wp\/v2\/posts\/28257\/revisions"}],"predecessor-version":[{"id":34846,"href":"https:\/\/www.retarus.com\/blog\/de\/wp-json\/wp\/v2\/posts\/28257\/revisions\/34846"}],"wp:featuredmedia":[{"embeddable":true,"href":"https:\/\/www.retarus.com\/blog\/de\/wp-json\/wp\/v2\/media\/8703"}],"wp:attachment":[{"href":"https:\/\/www.retarus.com\/blog\/de\/wp-json\/wp\/v2\/media?parent=28257"}],"wp:term":[{"taxonomy":"category","embeddable":true,"href":"https:\/\/www.retarus.com\/blog\/de\/wp-json\/wp\/v2\/categories?post=28257"},{"taxonomy":"post_tag","embeddable":true,"href":"https:\/\/www.retarus.com\/blog\/de\/wp-json\/wp\/v2\/tags?post=28257"},{"taxonomy":"ret_content_type","embeddable":true,"href":"https:\/\/www.retarus.com\/blog\/de\/wp-json\/wp\/v2\/ret_content_type?post=28257"}],"curies":[{"name":"wp","href":"https:\/\/api.w.org\/{rel}","templated":true}]}}