{"id":28549,"date":"2023-06-27T14:00:08","date_gmt":"2023-06-27T14:00:08","guid":{"rendered":"https:\/\/www.retarus.com\/blog\/e-mails-des-spd-vorstands-moeglicherweise-abgegriffen\/"},"modified":"2026-08-07T06:22:11","modified_gmt":"2026-08-07T06:22:11","slug":"e-mails-des-spd-vorstands-moeglicherweise-abgegriffen","status":"publish","type":"post","link":"https:\/\/www.retarus.com\/blog\/de\/e-mails-des-spd-vorstands-moeglicherweise-abgegriffen\/","title":{"rendered":"E-Mails des SPD-Vorstands m\u00f6glicherweise abgegriffen"},"content":{"rendered":"\n<p class=\"wp-block-paragraph\">Mitte Januar 2023 wurde die Informationstechnik des SPD-Parteivorstands attackiert. Die Angreifer nutzten dabei eine zu diesem Zeitpunkt noch unbekannte Zero-Day-Sicherheitsl\u00fccke in Microsoft-Produkten aus.<\/p>\n\n\n\n<p class=\"wp-block-paragraph\">Im April wurde der Parteivorstand <a href=\"https:\/\/www.spd.de\/aktuelles\/detail\/news\/information-ueber-eine-moegliche-datenschutzverletzung\/26\/06\/2023\">einer Mitteilung zufolge<\/a> von Sicherheitsbeh\u00f6rden \u00fcber die M\u00f6glichkeit eines Angriffs informiert. Bei der anschlie\u00dfenden Forensik, an der unter anderem die Bundes\u00e4mter f\u00fcr Sicherheit in der Informationstechnik (BSI) sowie Verfassungsschutz beteiligt waren, \u201ewurde der 11.-16. Januar 2023 als Zeitraum identifiziert, in dem wom\u00f6glich auf Teile unseres E-Mail-Systems zugegriffen wurde\u201c und bei dem es \u201ezu einem Abfluss von Daten aus vereinzelten E-Mail-Postf\u00e4chern\u201c gekommen sein k\u00f6nnte.<\/p>\n\n\n\n<p class=\"wp-block-paragraph\">Ohne n\u00e4here Details im aktuell vorliegenden Fall zu kennen: Grunds\u00e4tzlich ist es stets ratsam, E-Mail Security <a href=\"https:\/\/www.retarus.com\/de\/security-and-compliance-for-office-365\/\" target=\"_blank\" rel=\"noreferrer noopener\">von einem anderen Anbieter zu beziehen<\/a> als von dem der E-Mail-Infrastruktur \u2013 oder zumindest die E-Mail-Security des Infrastruktur-Anbieters mit der eines geeigneten Drittanbieters zu erg\u00e4nzen und aufzuwerten. \u00dcberzeugende Argumente f\u00fcr einen zus\u00e4tzlichen\/anderen Anbieter f\u00fcr E-Mail-Sicherheit haben wir in <a href=\"https:\/\/www.retarus.com\/blog\/de\/microsoft-365-warum-unternehmen-in-retarus-services-eine-ideale-ergaenzung-sehen\/\">einem fr\u00fcheren Blogbeitrag<\/a> zusammengefasst.<\/p>\n\n\n\n<p class=\"wp-block-paragraph\">Mehr \u00fcber die <a href=\"https:\/\/www.retarus.com\/de\/secure-email-platform\/\">Secure Email Platform von Retarus<\/a> erfahren Sie auf unserer Website oder direkt von Ihrem <a href=\"https:\/\/www.retarus.com\/de\/contact\/\">Ansprechpartner vor Ort<\/a>.<\/p>\n\n\n\n<p class=\"has-small-font-size wp-block-paragraph\">Beitragsbild: <a href=\"https:\/\/commons.wikimedia.org\/wiki\/File:Kreuzberg_Stresemannstra%C3%9Fe_Willy-Brandt-Haus-002.jpg\">Fridolin freudenfett<\/a>, <a href=\"https:\/\/creativecommons.org\/licenses\/by-sa\/4.0\">CC BY-SA 4.0<\/a>, via Wikimedia Commons<\/p>\n","protected":false},"excerpt":{"rendered":"<p>Mitte Januar 2023 wurde die Informationstechnik des SPD-Parteivorstands attackiert. Dabei k\u00f6nnte es zu einem Abfluss von Daten aus vereinzelten E-Mail-Postf\u00e4chern gekommen sein.<\/p>\n","protected":false},"author":14,"featured_media":9146,"comment_status":"open","ping_status":"open","sticky":false,"template":"","format":"standard","meta":{"_acf_changed":false,"ret_read_more_text":"","ret_thumb_border":false,"footnotes":""},"categories":[3056],"tags":[665],"ret_content_type":[],"class_list":["post-28549","post","type-post","status-publish","format-standard","has-post-thumbnail","hentry","category-cybersicherheit","tag-email-security"],"acf":[],"yoast_head":"<!-- This site is optimized with the Yoast SEO Premium plugin v28.3 (Yoast SEO v28.3) - https:\/\/yoast.com\/product\/yoast-seo-premium-wordpress\/ -->\n<title>E-Mails des SPD-Vorstands m\u00f6glicherweise abgegriffen | Retarus Blog<\/title>\n<meta name=\"description\" content=\"Bei einem Angriff auf die Informationstechnik des SPD-Parteivorstands Mitte Januar k\u00f6nnte es zu einem Abfluss von Daten aus vereinzelten E-Mail-Postf\u00e4chern gekommen sein.\" \/>\n<meta name=\"robots\" content=\"index, follow, max-snippet:-1, max-image-preview:large, max-video-preview:-1\" \/>\n<link rel=\"canonical\" href=\"https:\/\/www.retarus.com\/blog\/de\/e-mails-des-spd-vorstands-moeglicherweise-abgegriffen\/\" \/>\n<meta property=\"og:locale\" content=\"de_DE\" \/>\n<meta property=\"og:type\" content=\"article\" \/>\n<meta property=\"og:title\" content=\"E-Mails des SPD-Vorstands m\u00f6glicherweise abgegriffen\" \/>\n<meta property=\"og:description\" content=\"Mitte Januar 2023 wurde die Informationstechnik des SPD-Parteivorstands attackiert. Dabei k\u00f6nnte es zu einem Abfluss von Daten aus vereinzelten E-Mail-Postf\u00e4chern gekommen sein.\" \/>\n<meta property=\"og:url\" content=\"https:\/\/www.retarus.com\/blog\/de\/e-mails-des-spd-vorstands-moeglicherweise-abgegriffen\/\" \/>\n<meta property=\"og:site_name\" content=\"Retarus Blog\" \/>\n<meta property=\"article:publisher\" content=\"https:\/\/www.facebook.com\/retarus\" \/>\n<meta property=\"article:published_time\" content=\"2023-06-27T14:00:08+00:00\" \/>\n<meta property=\"article:modified_time\" content=\"2026-08-07T06:22:11+00:00\" \/>\n<meta property=\"og:image\" content=\"https:\/\/www.retarus.com\/blog-transfer\/wp-content\/uploads\/sites\/41\/2026\/07\/wbh.jpg\" \/>\n\t<meta property=\"og:image:width\" content=\"1920\" \/>\n\t<meta property=\"og:image:height\" content=\"1080\" \/>\n\t<meta property=\"og:image:type\" content=\"image\/jpeg\" \/>\n<meta name=\"author\" content=\"Thomas Cloer\" \/>\n<meta name=\"twitter:card\" content=\"summary_large_image\" \/>\n<meta name=\"twitter:creator\" content=\"@retarus\" \/>\n<meta name=\"twitter:site\" content=\"@retarus\" \/>\n<meta name=\"twitter:label1\" content=\"Verfasst von\" \/>\n\t<meta name=\"twitter:data1\" content=\"Thomas Cloer\" \/>\n\t<meta name=\"twitter:label2\" content=\"Gesch\u00e4tzte Lesezeit\" \/>\n\t<meta name=\"twitter:data2\" content=\"1\u00a0Minute\" \/>\n<script type=\"application\/ld+json\" class=\"yoast-schema-graph\">{\"@context\":\"https:\\\/\\\/schema.org\",\"@graph\":[{\"@type\":\"Article\",\"@id\":\"https:\\\/\\\/www.retarus.com\\\/blog\\\/de\\\/e-mails-des-spd-vorstands-moeglicherweise-abgegriffen\\\/#article\",\"isPartOf\":{\"@id\":\"https:\\\/\\\/www.retarus.com\\\/blog\\\/de\\\/e-mails-des-spd-vorstands-moeglicherweise-abgegriffen\\\/\"},\"author\":{\"name\":\"Thomas Cloer\",\"@id\":\"https:\\\/\\\/www.retarus.com\\\/blog\\\/de\\\/#\\\/schema\\\/person\\\/7f8954d8bf84d75cf384942c5f6cf2e5\"},\"headline\":\"E-Mails des SPD-Vorstands m\u00f6glicherweise abgegriffen\",\"datePublished\":\"2023-06-27T14:00:08+00:00\",\"dateModified\":\"2026-08-07T06:22:11+00:00\",\"mainEntityOfPage\":{\"@id\":\"https:\\\/\\\/www.retarus.com\\\/blog\\\/de\\\/e-mails-des-spd-vorstands-moeglicherweise-abgegriffen\\\/\"},\"wordCount\":197,\"commentCount\":0,\"publisher\":{\"@id\":\"https:\\\/\\\/www.retarus.com\\\/blog\\\/de\\\/#organization\"},\"image\":{\"@id\":\"https:\\\/\\\/www.retarus.com\\\/blog\\\/de\\\/e-mails-des-spd-vorstands-moeglicherweise-abgegriffen\\\/#primaryimage\"},\"thumbnailUrl\":\"https:\\\/\\\/www.retarus.com\\\/blog\\\/wp-content\\\/uploads\\\/sites\\\/41\\\/2026\\\/07\\\/wbh.jpg\",\"keywords\":[\"Email Security\"],\"articleSection\":[\"Cybersicherheit\"],\"inLanguage\":\"de\",\"potentialAction\":[{\"@type\":\"CommentAction\",\"name\":\"Comment\",\"target\":[\"https:\\\/\\\/www.retarus.com\\\/blog\\\/de\\\/e-mails-des-spd-vorstands-moeglicherweise-abgegriffen\\\/#respond\"]}]},{\"@type\":\"WebPage\",\"@id\":\"https:\\\/\\\/www.retarus.com\\\/blog\\\/de\\\/e-mails-des-spd-vorstands-moeglicherweise-abgegriffen\\\/\",\"url\":\"https:\\\/\\\/www.retarus.com\\\/blog\\\/de\\\/e-mails-des-spd-vorstands-moeglicherweise-abgegriffen\\\/\",\"name\":\"E-Mails des SPD-Vorstands m\u00f6glicherweise abgegriffen | Retarus Blog\",\"isPartOf\":{\"@id\":\"https:\\\/\\\/www.retarus.com\\\/blog\\\/de\\\/#website\"},\"primaryImageOfPage\":{\"@id\":\"https:\\\/\\\/www.retarus.com\\\/blog\\\/de\\\/e-mails-des-spd-vorstands-moeglicherweise-abgegriffen\\\/#primaryimage\"},\"image\":{\"@id\":\"https:\\\/\\\/www.retarus.com\\\/blog\\\/de\\\/e-mails-des-spd-vorstands-moeglicherweise-abgegriffen\\\/#primaryimage\"},\"thumbnailUrl\":\"https:\\\/\\\/www.retarus.com\\\/blog\\\/wp-content\\\/uploads\\\/sites\\\/41\\\/2026\\\/07\\\/wbh.jpg\",\"datePublished\":\"2023-06-27T14:00:08+00:00\",\"dateModified\":\"2026-08-07T06:22:11+00:00\",\"description\":\"Bei einem Angriff auf die Informationstechnik des SPD-Parteivorstands Mitte Januar k\u00f6nnte es zu einem Abfluss von Daten aus vereinzelten E-Mail-Postf\u00e4chern gekommen sein.\",\"breadcrumb\":{\"@id\":\"https:\\\/\\\/www.retarus.com\\\/blog\\\/de\\\/e-mails-des-spd-vorstands-moeglicherweise-abgegriffen\\\/#breadcrumb\"},\"inLanguage\":\"de\",\"potentialAction\":[{\"@type\":\"ReadAction\",\"target\":[\"https:\\\/\\\/www.retarus.com\\\/blog\\\/de\\\/e-mails-des-spd-vorstands-moeglicherweise-abgegriffen\\\/\"]}]},{\"@type\":\"ImageObject\",\"inLanguage\":\"de\",\"@id\":\"https:\\\/\\\/www.retarus.com\\\/blog\\\/de\\\/e-mails-des-spd-vorstands-moeglicherweise-abgegriffen\\\/#primaryimage\",\"url\":\"https:\\\/\\\/www.retarus.com\\\/blog\\\/wp-content\\\/uploads\\\/sites\\\/41\\\/2026\\\/07\\\/wbh.jpg\",\"contentUrl\":\"https:\\\/\\\/www.retarus.com\\\/blog\\\/wp-content\\\/uploads\\\/sites\\\/41\\\/2026\\\/07\\\/wbh.jpg\",\"width\":1920,\"height\":1080,\"caption\":\"SPD-Zentrale (Willy-Brandt-Haus) in Berlin (c) Fridolin freudenfett, CC BY-SA 4.0, via Wikimedia Commons\"},{\"@type\":\"BreadcrumbList\",\"@id\":\"https:\\\/\\\/www.retarus.com\\\/blog\\\/de\\\/e-mails-des-spd-vorstands-moeglicherweise-abgegriffen\\\/#breadcrumb\",\"itemListElement\":[{\"@type\":\"ListItem\",\"position\":1,\"name\":\"Home\",\"item\":\"https:\\\/\\\/www.retarus.com\\\/blog\\\/de\\\/\"},{\"@type\":\"ListItem\",\"position\":2,\"name\":\"E-Mails des SPD-Vorstands m\u00f6glicherweise abgegriffen\"}]},{\"@type\":\"WebSite\",\"@id\":\"https:\\\/\\\/www.retarus.com\\\/blog\\\/de\\\/#website\",\"url\":\"https:\\\/\\\/www.retarus.com\\\/blog\\\/de\\\/\",\"name\":\"Retarus Blog\",\"description\":\"Enterprise Communication &amp; Cybersecurity\",\"publisher\":{\"@id\":\"https:\\\/\\\/www.retarus.com\\\/blog\\\/de\\\/#organization\"},\"potentialAction\":[{\"@type\":\"SearchAction\",\"target\":{\"@type\":\"EntryPoint\",\"urlTemplate\":\"https:\\\/\\\/www.retarus.com\\\/blog\\\/de\\\/?s={search_term_string}\"},\"query-input\":{\"@type\":\"PropertyValueSpecification\",\"valueRequired\":true,\"valueName\":\"search_term_string\"}}],\"inLanguage\":\"de\"},{\"@type\":\"Organization\",\"@id\":\"https:\\\/\\\/www.retarus.com\\\/blog\\\/de\\\/#organization\",\"name\":\"retarus GmbH\",\"alternateName\":\"retarus Inc.\",\"url\":\"https:\\\/\\\/www.retarus.com\\\/blog\\\/de\\\/\",\"logo\":{\"@type\":\"ImageObject\",\"inLanguage\":\"de\",\"@id\":\"https:\\\/\\\/www.retarus.com\\\/blog\\\/de\\\/#\\\/schema\\\/logo\\\/image\\\/\",\"url\":\"https:\\\/\\\/www.retarus.com\\\/blog\\\/wp-content\\\/uploads\\\/sites\\\/41\\\/2026\\\/08\\\/retarus_logo_2025.png\",\"contentUrl\":\"https:\\\/\\\/www.retarus.com\\\/blog\\\/wp-content\\\/uploads\\\/sites\\\/41\\\/2026\\\/08\\\/retarus_logo_2025.png\",\"width\":696,\"height\":696,\"caption\":\"retarus GmbH\"},\"image\":{\"@id\":\"https:\\\/\\\/www.retarus.com\\\/blog\\\/de\\\/#\\\/schema\\\/logo\\\/image\\\/\"},\"sameAs\":[\"https:\\\/\\\/www.facebook.com\\\/retarus\",\"https:\\\/\\\/x.com\\\/retarus\",\"https:\\\/\\\/www.linkedin.com\\\/company\\\/retarus\"],\"telephone\":\"+49 89 5528 0000\",\"foundingDate\":\"1992-12-02\",\"vatID\":\"DE811459192\"},{\"@type\":\"Person\",\"@id\":\"https:\\\/\\\/www.retarus.com\\\/blog\\\/de\\\/#\\\/schema\\\/person\\\/7f8954d8bf84d75cf384942c5f6cf2e5\",\"name\":\"Thomas Cloer\",\"image\":{\"@type\":\"ImageObject\",\"inLanguage\":\"de\",\"@id\":\"https:\\\/\\\/secure.gravatar.com\\\/avatar\\\/40f29e635bf20bec8e4585fa9ffbe6cd78538b4490bdb632b1d83eea415593b3?s=96&d=mm&r=g\",\"url\":\"https:\\\/\\\/secure.gravatar.com\\\/avatar\\\/40f29e635bf20bec8e4585fa9ffbe6cd78538b4490bdb632b1d83eea415593b3?s=96&d=mm&r=g\",\"contentUrl\":\"https:\\\/\\\/secure.gravatar.com\\\/avatar\\\/40f29e635bf20bec8e4585fa9ffbe6cd78538b4490bdb632b1d83eea415593b3?s=96&d=mm&r=g\",\"caption\":\"Thomas Cloer\"},\"jobTitle\":\"Corporate Blogger\",\"worksFor\":\"retarus GmbH\"}]}<\/script>\n<!-- \/ Yoast SEO Premium plugin. -->","yoast_head_json":{"title":"E-Mails des SPD-Vorstands m\u00f6glicherweise abgegriffen | Retarus Blog","description":"Bei einem Angriff auf die Informationstechnik des SPD-Parteivorstands Mitte Januar k\u00f6nnte es zu einem Abfluss von Daten aus vereinzelten E-Mail-Postf\u00e4chern gekommen sein.","robots":{"index":"index","follow":"follow","max-snippet":"max-snippet:-1","max-image-preview":"max-image-preview:large","max-video-preview":"max-video-preview:-1"},"canonical":"https:\/\/www.retarus.com\/blog\/de\/e-mails-des-spd-vorstands-moeglicherweise-abgegriffen\/","og_locale":"de_DE","og_type":"article","og_title":"E-Mails des SPD-Vorstands m\u00f6glicherweise abgegriffen","og_description":"Mitte Januar 2023 wurde die Informationstechnik des SPD-Parteivorstands attackiert. Dabei k\u00f6nnte es zu einem Abfluss von Daten aus vereinzelten E-Mail-Postf\u00e4chern gekommen sein.","og_url":"https:\/\/www.retarus.com\/blog\/de\/e-mails-des-spd-vorstands-moeglicherweise-abgegriffen\/","og_site_name":"Retarus Blog","article_publisher":"https:\/\/www.facebook.com\/retarus","article_published_time":"2023-06-27T14:00:08+00:00","article_modified_time":"2026-08-07T06:22:11+00:00","og_image":[{"width":1920,"height":1080,"url":"https:\/\/www.retarus.com\/blog-transfer\/wp-content\/uploads\/sites\/41\/2026\/07\/wbh.jpg","type":"image\/jpeg"}],"author":"Thomas Cloer","twitter_card":"summary_large_image","twitter_creator":"@retarus","twitter_site":"@retarus","twitter_misc":{"Verfasst von":"Thomas Cloer","Gesch\u00e4tzte Lesezeit":"1\u00a0Minute"},"schema":{"@context":"https:\/\/schema.org","@graph":[{"@type":"Article","@id":"https:\/\/www.retarus.com\/blog\/de\/e-mails-des-spd-vorstands-moeglicherweise-abgegriffen\/#article","isPartOf":{"@id":"https:\/\/www.retarus.com\/blog\/de\/e-mails-des-spd-vorstands-moeglicherweise-abgegriffen\/"},"author":{"name":"Thomas Cloer","@id":"https:\/\/www.retarus.com\/blog\/de\/#\/schema\/person\/7f8954d8bf84d75cf384942c5f6cf2e5"},"headline":"E-Mails des SPD-Vorstands m\u00f6glicherweise abgegriffen","datePublished":"2023-06-27T14:00:08+00:00","dateModified":"2026-08-07T06:22:11+00:00","mainEntityOfPage":{"@id":"https:\/\/www.retarus.com\/blog\/de\/e-mails-des-spd-vorstands-moeglicherweise-abgegriffen\/"},"wordCount":197,"commentCount":0,"publisher":{"@id":"https:\/\/www.retarus.com\/blog\/de\/#organization"},"image":{"@id":"https:\/\/www.retarus.com\/blog\/de\/e-mails-des-spd-vorstands-moeglicherweise-abgegriffen\/#primaryimage"},"thumbnailUrl":"https:\/\/www.retarus.com\/blog\/wp-content\/uploads\/sites\/41\/2026\/07\/wbh.jpg","keywords":["Email Security"],"articleSection":["Cybersicherheit"],"inLanguage":"de","potentialAction":[{"@type":"CommentAction","name":"Comment","target":["https:\/\/www.retarus.com\/blog\/de\/e-mails-des-spd-vorstands-moeglicherweise-abgegriffen\/#respond"]}]},{"@type":"WebPage","@id":"https:\/\/www.retarus.com\/blog\/de\/e-mails-des-spd-vorstands-moeglicherweise-abgegriffen\/","url":"https:\/\/www.retarus.com\/blog\/de\/e-mails-des-spd-vorstands-moeglicherweise-abgegriffen\/","name":"E-Mails des SPD-Vorstands m\u00f6glicherweise abgegriffen | Retarus Blog","isPartOf":{"@id":"https:\/\/www.retarus.com\/blog\/de\/#website"},"primaryImageOfPage":{"@id":"https:\/\/www.retarus.com\/blog\/de\/e-mails-des-spd-vorstands-moeglicherweise-abgegriffen\/#primaryimage"},"image":{"@id":"https:\/\/www.retarus.com\/blog\/de\/e-mails-des-spd-vorstands-moeglicherweise-abgegriffen\/#primaryimage"},"thumbnailUrl":"https:\/\/www.retarus.com\/blog\/wp-content\/uploads\/sites\/41\/2026\/07\/wbh.jpg","datePublished":"2023-06-27T14:00:08+00:00","dateModified":"2026-08-07T06:22:11+00:00","description":"Bei einem Angriff auf die Informationstechnik des SPD-Parteivorstands Mitte Januar k\u00f6nnte es zu einem Abfluss von Daten aus vereinzelten E-Mail-Postf\u00e4chern gekommen sein.","breadcrumb":{"@id":"https:\/\/www.retarus.com\/blog\/de\/e-mails-des-spd-vorstands-moeglicherweise-abgegriffen\/#breadcrumb"},"inLanguage":"de","potentialAction":[{"@type":"ReadAction","target":["https:\/\/www.retarus.com\/blog\/de\/e-mails-des-spd-vorstands-moeglicherweise-abgegriffen\/"]}]},{"@type":"ImageObject","inLanguage":"de","@id":"https:\/\/www.retarus.com\/blog\/de\/e-mails-des-spd-vorstands-moeglicherweise-abgegriffen\/#primaryimage","url":"https:\/\/www.retarus.com\/blog\/wp-content\/uploads\/sites\/41\/2026\/07\/wbh.jpg","contentUrl":"https:\/\/www.retarus.com\/blog\/wp-content\/uploads\/sites\/41\/2026\/07\/wbh.jpg","width":1920,"height":1080,"caption":"SPD-Zentrale (Willy-Brandt-Haus) in Berlin (c) Fridolin freudenfett, CC BY-SA 4.0, via Wikimedia Commons"},{"@type":"BreadcrumbList","@id":"https:\/\/www.retarus.com\/blog\/de\/e-mails-des-spd-vorstands-moeglicherweise-abgegriffen\/#breadcrumb","itemListElement":[{"@type":"ListItem","position":1,"name":"Home","item":"https:\/\/www.retarus.com\/blog\/de\/"},{"@type":"ListItem","position":2,"name":"E-Mails des SPD-Vorstands m\u00f6glicherweise abgegriffen"}]},{"@type":"WebSite","@id":"https:\/\/www.retarus.com\/blog\/de\/#website","url":"https:\/\/www.retarus.com\/blog\/de\/","name":"Retarus Blog","description":"Enterprise Communication &amp; Cybersecurity","publisher":{"@id":"https:\/\/www.retarus.com\/blog\/de\/#organization"},"potentialAction":[{"@type":"SearchAction","target":{"@type":"EntryPoint","urlTemplate":"https:\/\/www.retarus.com\/blog\/de\/?s={search_term_string}"},"query-input":{"@type":"PropertyValueSpecification","valueRequired":true,"valueName":"search_term_string"}}],"inLanguage":"de"},{"@type":"Organization","@id":"https:\/\/www.retarus.com\/blog\/de\/#organization","name":"retarus GmbH","alternateName":"retarus Inc.","url":"https:\/\/www.retarus.com\/blog\/de\/","logo":{"@type":"ImageObject","inLanguage":"de","@id":"https:\/\/www.retarus.com\/blog\/de\/#\/schema\/logo\/image\/","url":"https:\/\/www.retarus.com\/blog\/wp-content\/uploads\/sites\/41\/2026\/08\/retarus_logo_2025.png","contentUrl":"https:\/\/www.retarus.com\/blog\/wp-content\/uploads\/sites\/41\/2026\/08\/retarus_logo_2025.png","width":696,"height":696,"caption":"retarus GmbH"},"image":{"@id":"https:\/\/www.retarus.com\/blog\/de\/#\/schema\/logo\/image\/"},"sameAs":["https:\/\/www.facebook.com\/retarus","https:\/\/x.com\/retarus","https:\/\/www.linkedin.com\/company\/retarus"],"telephone":"+49 89 5528 0000","foundingDate":"1992-12-02","vatID":"DE811459192"},{"@type":"Person","@id":"https:\/\/www.retarus.com\/blog\/de\/#\/schema\/person\/7f8954d8bf84d75cf384942c5f6cf2e5","name":"Thomas Cloer","image":{"@type":"ImageObject","inLanguage":"de","@id":"https:\/\/secure.gravatar.com\/avatar\/40f29e635bf20bec8e4585fa9ffbe6cd78538b4490bdb632b1d83eea415593b3?s=96&d=mm&r=g","url":"https:\/\/secure.gravatar.com\/avatar\/40f29e635bf20bec8e4585fa9ffbe6cd78538b4490bdb632b1d83eea415593b3?s=96&d=mm&r=g","contentUrl":"https:\/\/secure.gravatar.com\/avatar\/40f29e635bf20bec8e4585fa9ffbe6cd78538b4490bdb632b1d83eea415593b3?s=96&d=mm&r=g","caption":"Thomas Cloer"},"jobTitle":"Corporate Blogger","worksFor":"retarus GmbH"}]}},"_links":{"self":[{"href":"https:\/\/www.retarus.com\/blog\/de\/wp-json\/wp\/v2\/posts\/28549","targetHints":{"allow":["GET"]}}],"collection":[{"href":"https:\/\/www.retarus.com\/blog\/de\/wp-json\/wp\/v2\/posts"}],"about":[{"href":"https:\/\/www.retarus.com\/blog\/de\/wp-json\/wp\/v2\/types\/post"}],"author":[{"embeddable":true,"href":"https:\/\/www.retarus.com\/blog\/de\/wp-json\/wp\/v2\/users\/14"}],"replies":[{"embeddable":true,"href":"https:\/\/www.retarus.com\/blog\/de\/wp-json\/wp\/v2\/comments?post=28549"}],"version-history":[{"count":1,"href":"https:\/\/www.retarus.com\/blog\/de\/wp-json\/wp\/v2\/posts\/28549\/revisions"}],"predecessor-version":[{"id":36591,"href":"https:\/\/www.retarus.com\/blog\/de\/wp-json\/wp\/v2\/posts\/28549\/revisions\/36591"}],"wp:featuredmedia":[{"embeddable":true,"href":"https:\/\/www.retarus.com\/blog\/de\/wp-json\/wp\/v2\/media\/9146"}],"wp:attachment":[{"href":"https:\/\/www.retarus.com\/blog\/de\/wp-json\/wp\/v2\/media?parent=28549"}],"wp:term":[{"taxonomy":"category","embeddable":true,"href":"https:\/\/www.retarus.com\/blog\/de\/wp-json\/wp\/v2\/categories?post=28549"},{"taxonomy":"post_tag","embeddable":true,"href":"https:\/\/www.retarus.com\/blog\/de\/wp-json\/wp\/v2\/tags?post=28549"},{"taxonomy":"ret_content_type","embeddable":true,"href":"https:\/\/www.retarus.com\/blog\/de\/wp-json\/wp\/v2\/ret_content_type?post=28549"}],"curies":[{"name":"wp","href":"https:\/\/api.w.org\/{rel}","templated":true}]}}