{"id":26276,"date":"2022-05-13T14:47:41","date_gmt":"2022-05-13T14:47:41","guid":{"rendered":"https:\/\/www.retarus.com\/blog\/retarus-expands-development-capacities-in-lisbon\/"},"modified":"2026-08-12T13:05:50","modified_gmt":"2026-08-12T13:05:50","slug":"retarus-expands-development-capacities-in-lisbon","status":"publish","type":"post","link":"https:\/\/www.retarus.com\/blog\/en\/retarus-expands-development-capacities-in-lisbon\/","title":{"rendered":"Retarus expands development capacities in Lisbon"},"content":{"rendered":"\n<p class=\"wp-block-paragraph\">Roughly ten months after founding its <a href=\"https:\/\/www.retarus.com\/blog\/en\/new-location-retarus-also-to-develop-in-lisbon\/\">subsidiary in Lisbon<\/a>, Retarus has nearly doubled its number of employees in Portugal and is now relocating to larger premises. The move will provide enough space for the next step in the company\u2019s growth in the important European IT hub.<\/p>\n\n\n\n<p class=\"wp-block-paragraph\">The coworking space rented for the opening of the site last year could no longer keep pace with the growth of the Portuguese organization and had become too small for the number of employees. Retarus has now responded by leasing larger, light-filled offices for the staff.<\/p>\n\n\n\n<p class=\"wp-block-paragraph\">The new Retarus office is located between Lisbon\u2019s harbor on the Tejo River and the Tapada das Necessidades park. The opening of the new office was celebrated at the beginning of April, attended by representatives of the Portugal Global \u2013 Trade &amp; Investment Agency (<a href=\"https:\/\/portugalglobal.pt\/EN\/Pages\/Index.aspx\" target=\"_blank\" rel=\"noreferrer noopener\">AICEP<\/a>) as well as Martin Hager, founder and CEO of Retarus.<\/p>\n\n\n\n<figure data-wp-context=\"{&quot;imageId&quot;:&quot;6a99c7d30fa69&quot;}\" data-wp-interactive=\"core\/image\" data-wp-key=\"6a99c7d30fa69\" class=\"wp-block-image size-large wp-lightbox-container\"><img loading=\"lazy\" decoding=\"async\" width=\"1024\" height=\"576\" data-wp-class--hide=\"state.isContentHidden\" data-wp-class--show=\"state.isContentVisible\" data-wp-init=\"callbacks.setButtonStyles\" data-wp-on--click=\"actions.showLightbox\" data-wp-on--load=\"callbacks.setButtonStyles\" data-wp-on--pointerdown=\"actions.preloadImage\" data-wp-on--pointerenter=\"actions.preloadImageWithDelay\" data-wp-on--pointerleave=\"actions.cancelPreload\" data-wp-on-window--resize=\"callbacks.setButtonStyles\" src=\"https:\/\/www.retarus.com\/blog\/en\/wp-content\/uploads\/sites\/22\/2022\/05\/IMG_3329-1024x576.jpg\" alt=\"\" class=\"wp-image-2763\" \/><button\n\t\t\tclass=\"lightbox-trigger\"\n\t\t\ttype=\"button\"\n\t\t\taria-haspopup=\"dialog\"\n\t\t\tdata-wp-bind--aria-label=\"state.thisImage.triggerButtonAriaLabel\"\n\t\t\tdata-wp-init=\"callbacks.initTriggerButton\"\n\t\t\tdata-wp-on--click=\"actions.showLightbox\"\n\t\t\tdata-wp-style--right=\"state.thisImage.buttonRight\"\n\t\t\tdata-wp-style--top=\"state.thisImage.buttonTop\"\n\t\t>\n\t\t\t<svg xmlns=\"http:\/\/www.w3.org\/2000\/svg\" width=\"12\" height=\"12\" fill=\"none\" viewBox=\"0 0 12 12\">\n\t\t\t\t<path fill=\"#fff\" d=\"M2 0a2 2 0 0 0-2 2v2h1.5V2a.5.5 0 0 1 .5-.5h2V0H2Zm2 10.5H2a.5.5 0 0 1-.5-.5V8H0v2a2 2 0 0 0 2 2h2v-1.5ZM8 12v-1.5h2a.5.5 0 0 0 .5-.5V8H12v2a2 2 0 0 1-2 2H8Zm2-12a2 2 0 0 1 2 2v2h-1.5V2a.5.5 0 0 0-.5-.5H8V0h2Z\" \/>\n\t\t\t<\/svg>\n\t\t<\/button><\/figure>\n\n\n\n<p class=\"wp-block-paragraph\">For further details please see our <a href=\"https:\/\/www.retarus.com\/press\/retarus-expands-development-capacities-at-the-lisbon-tech-hub\/\">current press release<\/a>.<\/p>\n","protected":false},"excerpt":{"rendered":"<p>Roughly ten months after founding its subsidiary in Lisbon, Retarus has nearly doubled its number of employees in Portugal and is now relocating to larger premises. The move will provide enough space for the next step in the company\u2019s growth in the important European IT hub.<\/p>\n","protected":false},"author":14,"featured_media":6036,"comment_status":"open","ping_status":"open","sticky":false,"template":"","format":"standard","meta":{"_acf_changed":false,"ret_read_more_text":"","ret_thumb_border":false,"footnotes":""},"categories":[3139],"tags":[513,501],"ret_content_type":[3075],"class_list":["post-26276","post","type-post","status-publish","format-standard","has-post-thumbnail","hentry","category-company-market","tag-lissabon","tag-portugal","ret_content_type-industry-news"],"acf":[],"yoast_head":"<!-- This site is optimized with the Yoast SEO Premium plugin v28.3 (Yoast SEO v28.3) - https:\/\/yoast.com\/product\/yoast-seo-premium-wordpress\/ -->\n<title>Retarus expands development capacities in Lisbon | Retarus Blog<\/title>\n<meta name=\"description\" content=\"Gut zehn Monate nach der Gr\u00fcndung des Standorts in Lissabon hat Retarus die Anzahl seiner Mitarbeiter in Portugal nahezu verdoppelt und zieht in gr\u00f6\u00dfere R\u00e4umlichkeiten um. Diese bieten gen\u00fcgend Platz f\u00fcr den n\u00e4chsten Wachstumsschritt an dem wichtigen europ\u00e4ischen IT-Standort.\" \/>\n<meta name=\"robots\" content=\"index, follow, max-snippet:-1, max-image-preview:large, max-video-preview:-1\" \/>\n<link rel=\"canonical\" href=\"https:\/\/www.retarus.com\/blog\/en\/retarus-expands-development-capacities-in-lisbon\/\" \/>\n<meta property=\"og:locale\" content=\"en_US\" \/>\n<meta property=\"og:type\" content=\"article\" \/>\n<meta property=\"og:title\" content=\"Retarus expands development capacities in Lisbon\" \/>\n<meta property=\"og:description\" content=\"Roughly ten months after founding its subsidiary in Lisbon, Retarus has nearly doubled its number of employees in Portugal and is now relocating to larger premises. The move will provide enough space for the next step in the company\u2019s growth in the important European IT hub.\" \/>\n<meta property=\"og:url\" content=\"https:\/\/www.retarus.com\/blog\/en\/retarus-expands-development-capacities-in-lisbon\/\" \/>\n<meta property=\"og:site_name\" content=\"Retarus Blog\" \/>\n<meta property=\"article:publisher\" content=\"https:\/\/www.facebook.com\/retarus\" \/>\n<meta property=\"article:published_time\" content=\"2022-05-13T14:47:41+00:00\" \/>\n<meta property=\"article:modified_time\" content=\"2026-08-12T13:05:50+00:00\" \/>\n<meta property=\"og:image\" content=\"https:\/\/www.retarus.com\/blog-transfer\/wp-content\/uploads\/sites\/41\/2026\/07\/gemmmm-BWmtnSBbBuk-unsplash.jpg\" \/>\n\t<meta property=\"og:image:width\" content=\"1920\" \/>\n\t<meta property=\"og:image:height\" content=\"1080\" \/>\n\t<meta property=\"og:image:type\" content=\"image\/jpeg\" \/>\n<meta name=\"author\" content=\"Thomas Cloer\" \/>\n<meta name=\"twitter:card\" content=\"summary_large_image\" \/>\n<meta name=\"twitter:creator\" content=\"@retarus\" \/>\n<meta name=\"twitter:site\" content=\"@retarus\" \/>\n<meta name=\"twitter:label1\" content=\"Written by\" \/>\n\t<meta name=\"twitter:data1\" content=\"Thomas Cloer\" \/>\n\t<meta name=\"twitter:label2\" content=\"Est. reading time\" \/>\n\t<meta name=\"twitter:data2\" content=\"2 minutes\" \/>\n<script type=\"application\/ld+json\" class=\"yoast-schema-graph\">{\"@context\":\"https:\\\/\\\/schema.org\",\"@graph\":[{\"@type\":\"Article\",\"@id\":\"https:\\\/\\\/www.retarus.com\\\/blog\\\/en\\\/retarus-expands-development-capacities-in-lisbon\\\/#article\",\"isPartOf\":{\"@id\":\"https:\\\/\\\/www.retarus.com\\\/blog\\\/en\\\/retarus-expands-development-capacities-in-lisbon\\\/\"},\"author\":{\"name\":\"Thomas Cloer\",\"@id\":\"https:\\\/\\\/www.retarus.com\\\/blog\\\/en\\\/#\\\/schema\\\/person\\\/7f8954d8bf84d75cf384942c5f6cf2e5\"},\"headline\":\"Retarus expands development capacities in Lisbon\",\"datePublished\":\"2022-05-13T14:47:41+00:00\",\"dateModified\":\"2026-08-12T13:05:50+00:00\",\"mainEntityOfPage\":{\"@id\":\"https:\\\/\\\/www.retarus.com\\\/blog\\\/en\\\/retarus-expands-development-capacities-in-lisbon\\\/\"},\"wordCount\":163,\"commentCount\":0,\"publisher\":{\"@id\":\"https:\\\/\\\/www.retarus.com\\\/blog\\\/en\\\/#organization\"},\"image\":{\"@id\":\"https:\\\/\\\/www.retarus.com\\\/blog\\\/en\\\/retarus-expands-development-capacities-in-lisbon\\\/#primaryimage\"},\"thumbnailUrl\":\"https:\\\/\\\/www.retarus.com\\\/blog\\\/wp-content\\\/uploads\\\/sites\\\/41\\\/2026\\\/07\\\/gemmmm-BWmtnSBbBuk-unsplash.jpg\",\"keywords\":[\"Lissabon\",\"Portugal\"],\"articleSection\":[\"Company &amp; Market\"],\"inLanguage\":\"en-US\",\"potentialAction\":[{\"@type\":\"CommentAction\",\"name\":\"Comment\",\"target\":[\"https:\\\/\\\/www.retarus.com\\\/blog\\\/en\\\/retarus-expands-development-capacities-in-lisbon\\\/#respond\"]}]},{\"@type\":\"WebPage\",\"@id\":\"https:\\\/\\\/www.retarus.com\\\/blog\\\/en\\\/retarus-expands-development-capacities-in-lisbon\\\/\",\"url\":\"https:\\\/\\\/www.retarus.com\\\/blog\\\/en\\\/retarus-expands-development-capacities-in-lisbon\\\/\",\"name\":\"Retarus expands development capacities in Lisbon | Retarus Blog\",\"isPartOf\":{\"@id\":\"https:\\\/\\\/www.retarus.com\\\/blog\\\/en\\\/#website\"},\"primaryImageOfPage\":{\"@id\":\"https:\\\/\\\/www.retarus.com\\\/blog\\\/en\\\/retarus-expands-development-capacities-in-lisbon\\\/#primaryimage\"},\"image\":{\"@id\":\"https:\\\/\\\/www.retarus.com\\\/blog\\\/en\\\/retarus-expands-development-capacities-in-lisbon\\\/#primaryimage\"},\"thumbnailUrl\":\"https:\\\/\\\/www.retarus.com\\\/blog\\\/wp-content\\\/uploads\\\/sites\\\/41\\\/2026\\\/07\\\/gemmmm-BWmtnSBbBuk-unsplash.jpg\",\"datePublished\":\"2022-05-13T14:47:41+00:00\",\"dateModified\":\"2026-08-12T13:05:50+00:00\",\"description\":\"Gut zehn Monate nach der Gr\u00fcndung des Standorts in Lissabon hat Retarus die Anzahl seiner Mitarbeiter in Portugal nahezu verdoppelt und zieht in gr\u00f6\u00dfere R\u00e4umlichkeiten um. Diese bieten gen\u00fcgend Platz f\u00fcr den n\u00e4chsten Wachstumsschritt an dem wichtigen europ\u00e4ischen IT-Standort.\",\"breadcrumb\":{\"@id\":\"https:\\\/\\\/www.retarus.com\\\/blog\\\/en\\\/retarus-expands-development-capacities-in-lisbon\\\/#breadcrumb\"},\"inLanguage\":\"en-US\",\"potentialAction\":[{\"@type\":\"ReadAction\",\"target\":[\"https:\\\/\\\/www.retarus.com\\\/blog\\\/en\\\/retarus-expands-development-capacities-in-lisbon\\\/\"]}]},{\"@type\":\"ImageObject\",\"inLanguage\":\"en-US\",\"@id\":\"https:\\\/\\\/www.retarus.com\\\/blog\\\/en\\\/retarus-expands-development-capacities-in-lisbon\\\/#primaryimage\",\"url\":\"https:\\\/\\\/www.retarus.com\\\/blog\\\/wp-content\\\/uploads\\\/sites\\\/41\\\/2026\\\/07\\\/gemmmm-BWmtnSBbBuk-unsplash.jpg\",\"contentUrl\":\"https:\\\/\\\/www.retarus.com\\\/blog\\\/wp-content\\\/uploads\\\/sites\\\/41\\\/2026\\\/07\\\/gemmmm-BWmtnSBbBuk-unsplash.jpg\",\"width\":1920,\"height\":1080,\"caption\":\"Blick \u00fcber Lissabon\"},{\"@type\":\"BreadcrumbList\",\"@id\":\"https:\\\/\\\/www.retarus.com\\\/blog\\\/en\\\/retarus-expands-development-capacities-in-lisbon\\\/#breadcrumb\",\"itemListElement\":[{\"@type\":\"ListItem\",\"position\":1,\"name\":\"Home\",\"item\":\"https:\\\/\\\/www.retarus.com\\\/blog\\\/en\\\/\"},{\"@type\":\"ListItem\",\"position\":2,\"name\":\"Retarus expands development capacities in Lisbon\"}]},{\"@type\":\"WebSite\",\"@id\":\"https:\\\/\\\/www.retarus.com\\\/blog\\\/en\\\/#website\",\"url\":\"https:\\\/\\\/www.retarus.com\\\/blog\\\/en\\\/\",\"name\":\"Retarus Blog\",\"description\":\"Enterprise Communication &amp; Cybersecurity\",\"publisher\":{\"@id\":\"https:\\\/\\\/www.retarus.com\\\/blog\\\/en\\\/#organization\"},\"potentialAction\":[{\"@type\":\"SearchAction\",\"target\":{\"@type\":\"EntryPoint\",\"urlTemplate\":\"https:\\\/\\\/www.retarus.com\\\/blog\\\/en\\\/?s={search_term_string}\"},\"query-input\":{\"@type\":\"PropertyValueSpecification\",\"valueRequired\":true,\"valueName\":\"search_term_string\"}}],\"inLanguage\":\"en-US\"},{\"@type\":\"Organization\",\"@id\":\"https:\\\/\\\/www.retarus.com\\\/blog\\\/en\\\/#organization\",\"name\":\"retarus GmbH\",\"alternateName\":\"retarus Inc.\",\"url\":\"https:\\\/\\\/www.retarus.com\\\/blog\\\/en\\\/\",\"logo\":{\"@type\":\"ImageObject\",\"inLanguage\":\"en-US\",\"@id\":\"https:\\\/\\\/www.retarus.com\\\/blog\\\/en\\\/#\\\/schema\\\/logo\\\/image\\\/\",\"url\":\"https:\\\/\\\/www.retarus.com\\\/blog\\\/wp-content\\\/uploads\\\/sites\\\/41\\\/2026\\\/08\\\/retarus_logo_2025.png\",\"contentUrl\":\"https:\\\/\\\/www.retarus.com\\\/blog\\\/wp-content\\\/uploads\\\/sites\\\/41\\\/2026\\\/08\\\/retarus_logo_2025.png\",\"width\":696,\"height\":696,\"caption\":\"retarus GmbH\"},\"image\":{\"@id\":\"https:\\\/\\\/www.retarus.com\\\/blog\\\/en\\\/#\\\/schema\\\/logo\\\/image\\\/\"},\"sameAs\":[\"https:\\\/\\\/www.facebook.com\\\/retarus\",\"https:\\\/\\\/x.com\\\/retarus\",\"https:\\\/\\\/www.linkedin.com\\\/company\\\/retarus\"],\"telephone\":\"+49 89 5528 0000\",\"foundingDate\":\"1992-12-02\",\"vatID\":\"DE811459192\"},{\"@type\":\"Person\",\"@id\":\"https:\\\/\\\/www.retarus.com\\\/blog\\\/en\\\/#\\\/schema\\\/person\\\/7f8954d8bf84d75cf384942c5f6cf2e5\",\"name\":\"Thomas Cloer\",\"image\":{\"@type\":\"ImageObject\",\"inLanguage\":\"en-US\",\"@id\":\"https:\\\/\\\/secure.gravatar.com\\\/avatar\\\/40f29e635bf20bec8e4585fa9ffbe6cd78538b4490bdb632b1d83eea415593b3?s=96&d=mm&r=g\",\"url\":\"https:\\\/\\\/secure.gravatar.com\\\/avatar\\\/40f29e635bf20bec8e4585fa9ffbe6cd78538b4490bdb632b1d83eea415593b3?s=96&d=mm&r=g\",\"contentUrl\":\"https:\\\/\\\/secure.gravatar.com\\\/avatar\\\/40f29e635bf20bec8e4585fa9ffbe6cd78538b4490bdb632b1d83eea415593b3?s=96&d=mm&r=g\",\"caption\":\"Thomas Cloer\"},\"jobTitle\":\"Corporate Blogger\",\"worksFor\":\"retarus GmbH\"}]}<\/script>\n<!-- \/ Yoast SEO Premium plugin. -->","yoast_head_json":{"title":"Retarus expands development capacities in Lisbon | Retarus Blog","description":"Gut zehn Monate nach der Gr\u00fcndung des Standorts in Lissabon hat Retarus die Anzahl seiner Mitarbeiter in Portugal nahezu verdoppelt und zieht in gr\u00f6\u00dfere R\u00e4umlichkeiten um. Diese bieten gen\u00fcgend Platz f\u00fcr den n\u00e4chsten Wachstumsschritt an dem wichtigen europ\u00e4ischen IT-Standort.","robots":{"index":"index","follow":"follow","max-snippet":"max-snippet:-1","max-image-preview":"max-image-preview:large","max-video-preview":"max-video-preview:-1"},"canonical":"https:\/\/www.retarus.com\/blog\/en\/retarus-expands-development-capacities-in-lisbon\/","og_locale":"en_US","og_type":"article","og_title":"Retarus expands development capacities in Lisbon","og_description":"Roughly ten months after founding its subsidiary in Lisbon, Retarus has nearly doubled its number of employees in Portugal and is now relocating to larger premises. The move will provide enough space for the next step in the company\u2019s growth in the important European IT hub.","og_url":"https:\/\/www.retarus.com\/blog\/en\/retarus-expands-development-capacities-in-lisbon\/","og_site_name":"Retarus Blog","article_publisher":"https:\/\/www.facebook.com\/retarus","article_published_time":"2022-05-13T14:47:41+00:00","article_modified_time":"2026-08-12T13:05:50+00:00","og_image":[{"width":1920,"height":1080,"url":"https:\/\/www.retarus.com\/blog-transfer\/wp-content\/uploads\/sites\/41\/2026\/07\/gemmmm-BWmtnSBbBuk-unsplash.jpg","type":"image\/jpeg"}],"author":"Thomas Cloer","twitter_card":"summary_large_image","twitter_creator":"@retarus","twitter_site":"@retarus","twitter_misc":{"Written by":"Thomas Cloer","Est. reading time":"2 minutes"},"schema":{"@context":"https:\/\/schema.org","@graph":[{"@type":"Article","@id":"https:\/\/www.retarus.com\/blog\/en\/retarus-expands-development-capacities-in-lisbon\/#article","isPartOf":{"@id":"https:\/\/www.retarus.com\/blog\/en\/retarus-expands-development-capacities-in-lisbon\/"},"author":{"name":"Thomas Cloer","@id":"https:\/\/www.retarus.com\/blog\/en\/#\/schema\/person\/7f8954d8bf84d75cf384942c5f6cf2e5"},"headline":"Retarus expands development capacities in Lisbon","datePublished":"2022-05-13T14:47:41+00:00","dateModified":"2026-08-12T13:05:50+00:00","mainEntityOfPage":{"@id":"https:\/\/www.retarus.com\/blog\/en\/retarus-expands-development-capacities-in-lisbon\/"},"wordCount":163,"commentCount":0,"publisher":{"@id":"https:\/\/www.retarus.com\/blog\/en\/#organization"},"image":{"@id":"https:\/\/www.retarus.com\/blog\/en\/retarus-expands-development-capacities-in-lisbon\/#primaryimage"},"thumbnailUrl":"https:\/\/www.retarus.com\/blog\/wp-content\/uploads\/sites\/41\/2026\/07\/gemmmm-BWmtnSBbBuk-unsplash.jpg","keywords":["Lissabon","Portugal"],"articleSection":["Company &amp; Market"],"inLanguage":"en-US","potentialAction":[{"@type":"CommentAction","name":"Comment","target":["https:\/\/www.retarus.com\/blog\/en\/retarus-expands-development-capacities-in-lisbon\/#respond"]}]},{"@type":"WebPage","@id":"https:\/\/www.retarus.com\/blog\/en\/retarus-expands-development-capacities-in-lisbon\/","url":"https:\/\/www.retarus.com\/blog\/en\/retarus-expands-development-capacities-in-lisbon\/","name":"Retarus expands development capacities in Lisbon | Retarus Blog","isPartOf":{"@id":"https:\/\/www.retarus.com\/blog\/en\/#website"},"primaryImageOfPage":{"@id":"https:\/\/www.retarus.com\/blog\/en\/retarus-expands-development-capacities-in-lisbon\/#primaryimage"},"image":{"@id":"https:\/\/www.retarus.com\/blog\/en\/retarus-expands-development-capacities-in-lisbon\/#primaryimage"},"thumbnailUrl":"https:\/\/www.retarus.com\/blog\/wp-content\/uploads\/sites\/41\/2026\/07\/gemmmm-BWmtnSBbBuk-unsplash.jpg","datePublished":"2022-05-13T14:47:41+00:00","dateModified":"2026-08-12T13:05:50+00:00","description":"Gut zehn Monate nach der Gr\u00fcndung des Standorts in Lissabon hat Retarus die Anzahl seiner Mitarbeiter in Portugal nahezu verdoppelt und zieht in gr\u00f6\u00dfere R\u00e4umlichkeiten um. Diese bieten gen\u00fcgend Platz f\u00fcr den n\u00e4chsten Wachstumsschritt an dem wichtigen europ\u00e4ischen IT-Standort.","breadcrumb":{"@id":"https:\/\/www.retarus.com\/blog\/en\/retarus-expands-development-capacities-in-lisbon\/#breadcrumb"},"inLanguage":"en-US","potentialAction":[{"@type":"ReadAction","target":["https:\/\/www.retarus.com\/blog\/en\/retarus-expands-development-capacities-in-lisbon\/"]}]},{"@type":"ImageObject","inLanguage":"en-US","@id":"https:\/\/www.retarus.com\/blog\/en\/retarus-expands-development-capacities-in-lisbon\/#primaryimage","url":"https:\/\/www.retarus.com\/blog\/wp-content\/uploads\/sites\/41\/2026\/07\/gemmmm-BWmtnSBbBuk-unsplash.jpg","contentUrl":"https:\/\/www.retarus.com\/blog\/wp-content\/uploads\/sites\/41\/2026\/07\/gemmmm-BWmtnSBbBuk-unsplash.jpg","width":1920,"height":1080,"caption":"Blick \u00fcber Lissabon"},{"@type":"BreadcrumbList","@id":"https:\/\/www.retarus.com\/blog\/en\/retarus-expands-development-capacities-in-lisbon\/#breadcrumb","itemListElement":[{"@type":"ListItem","position":1,"name":"Home","item":"https:\/\/www.retarus.com\/blog\/en\/"},{"@type":"ListItem","position":2,"name":"Retarus expands development capacities in Lisbon"}]},{"@type":"WebSite","@id":"https:\/\/www.retarus.com\/blog\/en\/#website","url":"https:\/\/www.retarus.com\/blog\/en\/","name":"Retarus Blog","description":"Enterprise Communication &amp; Cybersecurity","publisher":{"@id":"https:\/\/www.retarus.com\/blog\/en\/#organization"},"potentialAction":[{"@type":"SearchAction","target":{"@type":"EntryPoint","urlTemplate":"https:\/\/www.retarus.com\/blog\/en\/?s={search_term_string}"},"query-input":{"@type":"PropertyValueSpecification","valueRequired":true,"valueName":"search_term_string"}}],"inLanguage":"en-US"},{"@type":"Organization","@id":"https:\/\/www.retarus.com\/blog\/en\/#organization","name":"retarus GmbH","alternateName":"retarus Inc.","url":"https:\/\/www.retarus.com\/blog\/en\/","logo":{"@type":"ImageObject","inLanguage":"en-US","@id":"https:\/\/www.retarus.com\/blog\/en\/#\/schema\/logo\/image\/","url":"https:\/\/www.retarus.com\/blog\/wp-content\/uploads\/sites\/41\/2026\/08\/retarus_logo_2025.png","contentUrl":"https:\/\/www.retarus.com\/blog\/wp-content\/uploads\/sites\/41\/2026\/08\/retarus_logo_2025.png","width":696,"height":696,"caption":"retarus GmbH"},"image":{"@id":"https:\/\/www.retarus.com\/blog\/en\/#\/schema\/logo\/image\/"},"sameAs":["https:\/\/www.facebook.com\/retarus","https:\/\/x.com\/retarus","https:\/\/www.linkedin.com\/company\/retarus"],"telephone":"+49 89 5528 0000","foundingDate":"1992-12-02","vatID":"DE811459192"},{"@type":"Person","@id":"https:\/\/www.retarus.com\/blog\/en\/#\/schema\/person\/7f8954d8bf84d75cf384942c5f6cf2e5","name":"Thomas Cloer","image":{"@type":"ImageObject","inLanguage":"en-US","@id":"https:\/\/secure.gravatar.com\/avatar\/40f29e635bf20bec8e4585fa9ffbe6cd78538b4490bdb632b1d83eea415593b3?s=96&d=mm&r=g","url":"https:\/\/secure.gravatar.com\/avatar\/40f29e635bf20bec8e4585fa9ffbe6cd78538b4490bdb632b1d83eea415593b3?s=96&d=mm&r=g","contentUrl":"https:\/\/secure.gravatar.com\/avatar\/40f29e635bf20bec8e4585fa9ffbe6cd78538b4490bdb632b1d83eea415593b3?s=96&d=mm&r=g","caption":"Thomas Cloer"},"jobTitle":"Corporate Blogger","worksFor":"retarus GmbH"}]}},"_links":{"self":[{"href":"https:\/\/www.retarus.com\/blog\/en\/wp-json\/wp\/v2\/posts\/26276","targetHints":{"allow":["GET"]}}],"collection":[{"href":"https:\/\/www.retarus.com\/blog\/en\/wp-json\/wp\/v2\/posts"}],"about":[{"href":"https:\/\/www.retarus.com\/blog\/en\/wp-json\/wp\/v2\/types\/post"}],"author":[{"embeddable":true,"href":"https:\/\/www.retarus.com\/blog\/en\/wp-json\/wp\/v2\/users\/14"}],"replies":[{"embeddable":true,"href":"https:\/\/www.retarus.com\/blog\/en\/wp-json\/wp\/v2\/comments?post=26276"}],"version-history":[{"count":2,"href":"https:\/\/www.retarus.com\/blog\/en\/wp-json\/wp\/v2\/posts\/26276\/revisions"}],"predecessor-version":[{"id":37651,"href":"https:\/\/www.retarus.com\/blog\/en\/wp-json\/wp\/v2\/posts\/26276\/revisions\/37651"}],"wp:featuredmedia":[{"embeddable":true,"href":"https:\/\/www.retarus.com\/blog\/en\/wp-json\/wp\/v2\/media\/6036"}],"wp:attachment":[{"href":"https:\/\/www.retarus.com\/blog\/en\/wp-json\/wp\/v2\/media?parent=26276"}],"wp:term":[{"taxonomy":"category","embeddable":true,"href":"https:\/\/www.retarus.com\/blog\/en\/wp-json\/wp\/v2\/categories?post=26276"},{"taxonomy":"post_tag","embeddable":true,"href":"https:\/\/www.retarus.com\/blog\/en\/wp-json\/wp\/v2\/tags?post=26276"},{"taxonomy":"ret_content_type","embeddable":true,"href":"https:\/\/www.retarus.com\/blog\/en\/wp-json\/wp\/v2\/ret_content_type?post=26276"}],"curies":[{"name":"wp","href":"https:\/\/api.w.org\/{rel}","templated":true}]}}