{"id":32115,"date":"2025-07-15T14:10:35","date_gmt":"2025-07-15T14:10:35","guid":{"rendered":"https:\/\/www.retarus.com\/blog\/novedades-en-nuestro-portal-de-fax-la-biblioteca-de-documentos\/"},"modified":"2026-08-06T10:19:20","modified_gmt":"2026-08-06T10:19:20","slug":"novedades-en-nuestro-portal-de-fax-la-biblioteca-de-documentos","status":"publish","type":"post","link":"https:\/\/www.retarus.com\/blog\/es\/novedades-en-nuestro-portal-de-fax-la-biblioteca-de-documentos\/","title":{"rendered":"Novedades en nuestro portal de fax: La biblioteca de portadas."},"content":{"rendered":"\n<p class=\"wp-block-paragraph\">Nuestro portal de fax para empresas cuenta ahora con una nueva y pr\u00e1ctica funcionalidad: una biblioteca de portadas, donde se pueden almacenar  portadas de fax en formato Word.<\/p>\n\n\n\n<p class=\"wp-block-paragraph\">Dichas portadas pueden contener elementos gr\u00e1ficos (por ejemplo, el logotipo de la empresa) y texto, que puede ser est\u00e1tico o din\u00e1mico (datos del remitente y del destinatario, informaci\u00f3n sobre la transmisi\u00f3n, como el n\u00famero total de p\u00e1ginas, etc.).<\/p>\n\n\n\n<p class=\"wp-block-paragraph\">Se pueden depositar varias portadas en la biblioteca por cada instancia del portal de fax empresarial. Al enviar un fax, los usuarios pueden seleccionar la portada que deseen utilizar.<\/p>\n\n\n\n<p class=\"wp-block-paragraph\">Las portadas almacenadas en la biblioteca tambi\u00e9n se pueden asignar a varios buzones de fax. Adem\u00e1s, se puede configurar una portada espec\u00edfica como est\u00e1ndar para todos los buzones de fax o solo para algunos seleccionados.<\/p>\n\n\n\n<p class=\"wp-block-paragraph\">Los administradores y los usuarios se benefician en igual medida. La biblioteca de portadas funciona como una \u00fanica fuente de informaci\u00f3n veraz, lo que garantiza que las portadas sean homog\u00e9neas y est\u00e9n actualizadas. Los usuarios se benefician de una mayor comodidad y facilidad de uso, y ya no es necesario que cada usuario se encargue por separado del mantenimiento de las portadas. De esta forma, la biblioteca ahorra un tiempo y un esfuerzo valiosos.<\/p>\n\n\n\n<figure data-wp-context=\"{&quot;galleryId&quot;:&quot;6a99dada95c71&quot;}\" data-wp-interactive=\"core\/gallery\" class=\"wp-block-gallery has-nested-images columns-default is-cropped wp-block-gallery-1 is-layout-flex wp-block-gallery-is-layout-flex\">\n<figure data-wp-context=\"{&quot;imageId&quot;:&quot;6a99dada97410&quot;}\" data-wp-interactive=\"core\/image\" data-wp-key=\"6a99dada97410\" class=\"wp-block-image size-large wp-lightbox-container\"><img loading=\"lazy\" decoding=\"async\" width=\"1920\" height=\"1080\" data-wp-class--hide=\"state.isContentHidden\" data-wp-class--show=\"state.isContentVisible\" data-wp-init=\"callbacks.setButtonStyles\" data-wp-on--click=\"actions.showLightbox\" data-wp-on--load=\"callbacks.setButtonStyles\" data-wp-on--pointerdown=\"actions.preloadImage\" data-wp-on--pointerenter=\"actions.preloadImageWithDelay\" data-wp-on--pointerleave=\"actions.cancelPreload\" data-wp-on-window--resize=\"callbacks.setButtonStyles\" data-id=\"3596\" src=\"https:\/\/www.retarus.com\/blog\/wp-content\/uploads\/sites\/41\/2026\/07\/Cover-page-library.png\" alt=\"\" class=\"wp-image-3596\" srcset=\"https:\/\/www.retarus.com\/blog\/wp-content\/uploads\/sites\/41\/2026\/07\/Cover-page-library.png 1920w, https:\/\/www.retarus.com\/blog\/wp-content\/uploads\/sites\/41\/2026\/07\/Cover-page-library-300x169.png 300w, https:\/\/www.retarus.com\/blog\/wp-content\/uploads\/sites\/41\/2026\/07\/Cover-page-library-1024x576.png 1024w, https:\/\/www.retarus.com\/blog\/wp-content\/uploads\/sites\/41\/2026\/07\/Cover-page-library-768x432.png 768w, https:\/\/www.retarus.com\/blog\/wp-content\/uploads\/sites\/41\/2026\/07\/Cover-page-library-1536x864.png 1536w\" sizes=\"auto, (max-width: 1920px) 100vw, 1920px\" \/><button\n\t\t\tclass=\"lightbox-trigger\"\n\t\t\ttype=\"button\"\n\t\t\taria-haspopup=\"dialog\"\n\t\t\tdata-wp-bind--aria-label=\"state.thisImage.triggerButtonAriaLabel\"\n\t\t\tdata-wp-init=\"callbacks.initTriggerButton\"\n\t\t\tdata-wp-on--click=\"actions.showLightbox\"\n\t\t\tdata-wp-style--right=\"state.thisImage.buttonRight\"\n\t\t\tdata-wp-style--top=\"state.thisImage.buttonTop\"\n\t\t>\n\t\t\t<svg xmlns=\"http:\/\/www.w3.org\/2000\/svg\" width=\"12\" height=\"12\" fill=\"none\" viewBox=\"0 0 12 12\">\n\t\t\t\t<path fill=\"#fff\" d=\"M2 0a2 2 0 0 0-2 2v2h1.5V2a.5.5 0 0 1 .5-.5h2V0H2Zm2 10.5H2a.5.5 0 0 1-.5-.5V8H0v2a2 2 0 0 0 2 2h2v-1.5ZM8 12v-1.5h2a.5.5 0 0 0 .5-.5V8H12v2a2 2 0 0 1-2 2H8Zm2-12a2 2 0 0 1 2 2v2h-1.5V2a.5.5 0 0 0-.5-.5H8V0h2Z\" \/>\n\t\t\t<\/svg>\n\t\t<\/button><\/figure>\n\n\n\n<figure data-wp-context=\"{&quot;imageId&quot;:&quot;6a99dada978cd&quot;}\" data-wp-interactive=\"core\/image\" data-wp-key=\"6a99dada978cd\" class=\"wp-block-image size-large wp-lightbox-container\"><img loading=\"lazy\" decoding=\"async\" width=\"1920\" height=\"1080\" data-wp-class--hide=\"state.isContentHidden\" data-wp-class--show=\"state.isContentVisible\" data-wp-init=\"callbacks.setButtonStyles\" data-wp-on--click=\"actions.showLightbox\" data-wp-on--load=\"callbacks.setButtonStyles\" data-wp-on--pointerdown=\"actions.preloadImage\" data-wp-on--pointerenter=\"actions.preloadImageWithDelay\" data-wp-on--pointerleave=\"actions.cancelPreload\" data-wp-on-window--resize=\"callbacks.setButtonStyles\" data-id=\"3595\" src=\"https:\/\/www.retarus.com\/blog\/wp-content\/uploads\/sites\/41\/2026\/07\/Selecting-cover-page-from-library.png\" alt=\"\" class=\"wp-image-3595\" srcset=\"https:\/\/www.retarus.com\/blog\/wp-content\/uploads\/sites\/41\/2026\/07\/Selecting-cover-page-from-library.png 1920w, https:\/\/www.retarus.com\/blog\/wp-content\/uploads\/sites\/41\/2026\/07\/Selecting-cover-page-from-library-300x169.png 300w, https:\/\/www.retarus.com\/blog\/wp-content\/uploads\/sites\/41\/2026\/07\/Selecting-cover-page-from-library-1024x576.png 1024w, https:\/\/www.retarus.com\/blog\/wp-content\/uploads\/sites\/41\/2026\/07\/Selecting-cover-page-from-library-768x432.png 768w, https:\/\/www.retarus.com\/blog\/wp-content\/uploads\/sites\/41\/2026\/07\/Selecting-cover-page-from-library-1536x864.png 1536w\" sizes=\"auto, (max-width: 1920px) 100vw, 1920px\" \/><button\n\t\t\tclass=\"lightbox-trigger\"\n\t\t\ttype=\"button\"\n\t\t\taria-haspopup=\"dialog\"\n\t\t\tdata-wp-bind--aria-label=\"state.thisImage.triggerButtonAriaLabel\"\n\t\t\tdata-wp-init=\"callbacks.initTriggerButton\"\n\t\t\tdata-wp-on--click=\"actions.showLightbox\"\n\t\t\tdata-wp-style--right=\"state.thisImage.buttonRight\"\n\t\t\tdata-wp-style--top=\"state.thisImage.buttonTop\"\n\t\t>\n\t\t\t<svg xmlns=\"http:\/\/www.w3.org\/2000\/svg\" width=\"12\" height=\"12\" fill=\"none\" viewBox=\"0 0 12 12\">\n\t\t\t\t<path fill=\"#fff\" d=\"M2 0a2 2 0 0 0-2 2v2h1.5V2a.5.5 0 0 1 .5-.5h2V0H2Zm2 10.5H2a.5.5 0 0 1-.5-.5V8H0v2a2 2 0 0 0 2 2h2v-1.5ZM8 12v-1.5h2a.5.5 0 0 0 .5-.5V8H12v2a2 2 0 0 1-2 2H8Zm2-12a2 2 0 0 1 2 2v2h-1.5V2a.5.5 0 0 0-.5-.5H8V0h2Z\" \/>\n\t\t\t<\/svg>\n\t\t<\/button><\/figure>\n<\/figure>\n\n\n\n<div style=\"height:10px\" aria-hidden=\"true\" class=\"wp-block-spacer\"><\/div>\n\n\n\n<p class=\"wp-block-paragraph\">El <a href=\"https:\/\/www.retarus.com\/products\/cloud-fax\/digital-workplaces\/enterprise-fax-portal\/\">portal de fax para empresas de Retarus<\/a> es una interfaz de usuario basada en navegador que facilita una colaboraci\u00f3n eficiente. Complementa nuestros productos de fax en la nube ya consolidados, abre la puerta a casos de uso totalmente nuevos para trabajar en grupo y tambi\u00e9n ofrece ventajas en t\u00e9rminos de rentabilidad y cumplimiento de la normativa.<\/p>\n","protected":false},"excerpt":{"rendered":"<p>Nuestro portal de fax para empresas cuenta ahora con una nueva y pr\u00e1ctica funci\u00f3n: una biblioteca de portadas, donde se pueden almacenar las portadas para los faxes en formato Word.<\/p>\n","protected":false},"author":14,"featured_media":14383,"comment_status":"open","ping_status":"open","sticky":false,"template":"","format":"standard","meta":{"_acf_changed":false,"ret_read_more_text":"","ret_thumb_border":false,"footnotes":""},"categories":[3068],"tags":[1762],"ret_content_type":[3102],"class_list":["post-32115","post","type-post","status-publish","format-standard","has-post-thumbnail","hentry","category-comunicacion-empresarial","tag-cloud-fax-es","ret_content_type-novedades-de-productos"],"acf":[],"yoast_head":"<!-- This site is optimized with the Yoast SEO Premium plugin v28.3 (Yoast SEO v28.3) - https:\/\/yoast.com\/product\/yoast-seo-premium-wordpress\/ -->\n<title>Novedades en nuestro portal de fax: La biblioteca de portadas. | Retarus Blog<\/title>\n<meta name=\"description\" content=\"Nuestro portal de fax para empresas cuenta ahora con una nueva y pr\u00e1ctica funci\u00f3n: una biblioteca de portadas, donde se pueden almacenar las portadas para los faxes en formato Word.\" \/>\n<meta name=\"robots\" content=\"index, follow, max-snippet:-1, max-image-preview:large, max-video-preview:-1\" \/>\n<link rel=\"canonical\" href=\"https:\/\/www.retarus.com\/blog\/es\/novedades-en-nuestro-portal-de-fax-la-biblioteca-de-documentos\/\" \/>\n<meta property=\"og:locale\" content=\"es_ES\" \/>\n<meta property=\"og:type\" content=\"article\" \/>\n<meta property=\"og:title\" content=\"Novedades en nuestro portal de fax: La biblioteca de portadas.\" \/>\n<meta property=\"og:description\" content=\"Nuestro portal de fax para empresas cuenta ahora con una nueva y pr\u00e1ctica funci\u00f3n: una biblioteca de portadas, donde se pueden almacenar las portadas para los faxes en formato Word.\" \/>\n<meta property=\"og:url\" content=\"https:\/\/www.retarus.com\/blog\/es\/novedades-en-nuestro-portal-de-fax-la-biblioteca-de-documentos\/\" \/>\n<meta property=\"og:site_name\" content=\"Retarus Blog\" \/>\n<meta property=\"article:publisher\" content=\"https:\/\/www.facebook.com\/retarus\" \/>\n<meta property=\"article:published_time\" content=\"2025-07-15T14:10:35+00:00\" \/>\n<meta property=\"article:modified_time\" content=\"2026-08-06T10:19:20+00:00\" \/>\n<meta property=\"og:image\" content=\"https:\/\/www.retarus.com\/blog-transfer\/wp-content\/uploads\/sites\/41\/2026\/07\/Inbound-Starting-page-11.png\" \/>\n\t<meta property=\"og:image:width\" content=\"1920\" \/>\n\t<meta property=\"og:image:height\" content=\"1080\" \/>\n\t<meta property=\"og:image:type\" content=\"image\/png\" \/>\n<meta name=\"author\" content=\"Thomas Cloer\" \/>\n<meta name=\"twitter:card\" content=\"summary_large_image\" \/>\n<meta name=\"twitter:creator\" content=\"@retarus\" \/>\n<meta name=\"twitter:site\" content=\"@retarus\" \/>\n<meta name=\"twitter:label1\" content=\"Escrito por\" \/>\n\t<meta name=\"twitter:data1\" content=\"Thomas Cloer\" \/>\n\t<meta name=\"twitter:label2\" content=\"Tiempo de lectura\" \/>\n\t<meta name=\"twitter:data2\" content=\"2 minutos\" \/>\n<script type=\"application\/ld+json\" class=\"yoast-schema-graph\">{\"@context\":\"https:\\\/\\\/schema.org\",\"@graph\":[{\"@type\":\"Article\",\"@id\":\"https:\\\/\\\/www.retarus.com\\\/blog\\\/es\\\/novedades-en-nuestro-portal-de-fax-la-biblioteca-de-documentos\\\/#article\",\"isPartOf\":{\"@id\":\"https:\\\/\\\/www.retarus.com\\\/blog\\\/es\\\/novedades-en-nuestro-portal-de-fax-la-biblioteca-de-documentos\\\/\"},\"author\":{\"name\":\"Thomas Cloer\",\"@id\":\"https:\\\/\\\/www.retarus.com\\\/blog\\\/es\\\/#\\\/schema\\\/person\\\/7f8954d8bf84d75cf384942c5f6cf2e5\"},\"headline\":\"Novedades en nuestro portal de fax: La biblioteca de portadas.\",\"datePublished\":\"2025-07-15T14:10:35+00:00\",\"dateModified\":\"2026-08-06T10:19:20+00:00\",\"mainEntityOfPage\":{\"@id\":\"https:\\\/\\\/www.retarus.com\\\/blog\\\/es\\\/novedades-en-nuestro-portal-de-fax-la-biblioteca-de-documentos\\\/\"},\"wordCount\":289,\"commentCount\":0,\"publisher\":{\"@id\":\"https:\\\/\\\/www.retarus.com\\\/blog\\\/es\\\/#organization\"},\"image\":{\"@id\":\"https:\\\/\\\/www.retarus.com\\\/blog\\\/es\\\/novedades-en-nuestro-portal-de-fax-la-biblioteca-de-documentos\\\/#primaryimage\"},\"thumbnailUrl\":\"https:\\\/\\\/www.retarus.com\\\/blog\\\/wp-content\\\/uploads\\\/sites\\\/41\\\/2026\\\/07\\\/Inbound-Starting-page-11.png\",\"keywords\":[\"Cloud Fax\"],\"articleSection\":[\"Comunicaci\u00f3n empresarial\"],\"inLanguage\":\"es\",\"potentialAction\":[{\"@type\":\"CommentAction\",\"name\":\"Comment\",\"target\":[\"https:\\\/\\\/www.retarus.com\\\/blog\\\/es\\\/novedades-en-nuestro-portal-de-fax-la-biblioteca-de-documentos\\\/#respond\"]}]},{\"@type\":\"WebPage\",\"@id\":\"https:\\\/\\\/www.retarus.com\\\/blog\\\/es\\\/novedades-en-nuestro-portal-de-fax-la-biblioteca-de-documentos\\\/\",\"url\":\"https:\\\/\\\/www.retarus.com\\\/blog\\\/es\\\/novedades-en-nuestro-portal-de-fax-la-biblioteca-de-documentos\\\/\",\"name\":\"Novedades en nuestro portal de fax: La biblioteca de portadas. | Retarus Blog\",\"isPartOf\":{\"@id\":\"https:\\\/\\\/www.retarus.com\\\/blog\\\/es\\\/#website\"},\"primaryImageOfPage\":{\"@id\":\"https:\\\/\\\/www.retarus.com\\\/blog\\\/es\\\/novedades-en-nuestro-portal-de-fax-la-biblioteca-de-documentos\\\/#primaryimage\"},\"image\":{\"@id\":\"https:\\\/\\\/www.retarus.com\\\/blog\\\/es\\\/novedades-en-nuestro-portal-de-fax-la-biblioteca-de-documentos\\\/#primaryimage\"},\"thumbnailUrl\":\"https:\\\/\\\/www.retarus.com\\\/blog\\\/wp-content\\\/uploads\\\/sites\\\/41\\\/2026\\\/07\\\/Inbound-Starting-page-11.png\",\"datePublished\":\"2025-07-15T14:10:35+00:00\",\"dateModified\":\"2026-08-06T10:19:20+00:00\",\"description\":\"Nuestro portal de fax para empresas cuenta ahora con una nueva y pr\u00e1ctica funci\u00f3n: una biblioteca de portadas, donde se pueden almacenar las portadas para los faxes en formato Word.\",\"breadcrumb\":{\"@id\":\"https:\\\/\\\/www.retarus.com\\\/blog\\\/es\\\/novedades-en-nuestro-portal-de-fax-la-biblioteca-de-documentos\\\/#breadcrumb\"},\"inLanguage\":\"es\",\"potentialAction\":[{\"@type\":\"ReadAction\",\"target\":[\"https:\\\/\\\/www.retarus.com\\\/blog\\\/es\\\/novedades-en-nuestro-portal-de-fax-la-biblioteca-de-documentos\\\/\"]}]},{\"@type\":\"ImageObject\",\"inLanguage\":\"es\",\"@id\":\"https:\\\/\\\/www.retarus.com\\\/blog\\\/es\\\/novedades-en-nuestro-portal-de-fax-la-biblioteca-de-documentos\\\/#primaryimage\",\"url\":\"https:\\\/\\\/www.retarus.com\\\/blog\\\/wp-content\\\/uploads\\\/sites\\\/41\\\/2026\\\/07\\\/Inbound-Starting-page-11.png\",\"contentUrl\":\"https:\\\/\\\/www.retarus.com\\\/blog\\\/wp-content\\\/uploads\\\/sites\\\/41\\\/2026\\\/07\\\/Inbound-Starting-page-11.png\",\"width\":1920,\"height\":1080,\"caption\":\"Enterprise Fax Portal - Inbound\"},{\"@type\":\"BreadcrumbList\",\"@id\":\"https:\\\/\\\/www.retarus.com\\\/blog\\\/es\\\/novedades-en-nuestro-portal-de-fax-la-biblioteca-de-documentos\\\/#breadcrumb\",\"itemListElement\":[{\"@type\":\"ListItem\",\"position\":1,\"name\":\"Home\",\"item\":\"https:\\\/\\\/www.retarus.com\\\/blog\\\/es\\\/\"},{\"@type\":\"ListItem\",\"position\":2,\"name\":\"Novedades en nuestro portal de fax: La biblioteca de portadas.\"}]},{\"@type\":\"WebSite\",\"@id\":\"https:\\\/\\\/www.retarus.com\\\/blog\\\/es\\\/#website\",\"url\":\"https:\\\/\\\/www.retarus.com\\\/blog\\\/es\\\/\",\"name\":\"Retarus Blog\",\"description\":\"Enterprise Communication &amp; Cybersecurity\",\"publisher\":{\"@id\":\"https:\\\/\\\/www.retarus.com\\\/blog\\\/es\\\/#organization\"},\"potentialAction\":[{\"@type\":\"SearchAction\",\"target\":{\"@type\":\"EntryPoint\",\"urlTemplate\":\"https:\\\/\\\/www.retarus.com\\\/blog\\\/es\\\/?s={search_term_string}\"},\"query-input\":{\"@type\":\"PropertyValueSpecification\",\"valueRequired\":true,\"valueName\":\"search_term_string\"}}],\"inLanguage\":\"es\"},{\"@type\":\"Organization\",\"@id\":\"https:\\\/\\\/www.retarus.com\\\/blog\\\/es\\\/#organization\",\"name\":\"retarus GmbH\",\"alternateName\":\"retarus Inc.\",\"url\":\"https:\\\/\\\/www.retarus.com\\\/blog\\\/es\\\/\",\"logo\":{\"@type\":\"ImageObject\",\"inLanguage\":\"es\",\"@id\":\"https:\\\/\\\/www.retarus.com\\\/blog\\\/es\\\/#\\\/schema\\\/logo\\\/image\\\/\",\"url\":\"https:\\\/\\\/www.retarus.com\\\/blog\\\/wp-content\\\/uploads\\\/sites\\\/41\\\/2026\\\/08\\\/retarus_logo_2025.png\",\"contentUrl\":\"https:\\\/\\\/www.retarus.com\\\/blog\\\/wp-content\\\/uploads\\\/sites\\\/41\\\/2026\\\/08\\\/retarus_logo_2025.png\",\"width\":696,\"height\":696,\"caption\":\"retarus GmbH\"},\"image\":{\"@id\":\"https:\\\/\\\/www.retarus.com\\\/blog\\\/es\\\/#\\\/schema\\\/logo\\\/image\\\/\"},\"sameAs\":[\"https:\\\/\\\/www.facebook.com\\\/retarus\",\"https:\\\/\\\/x.com\\\/retarus\",\"https:\\\/\\\/www.linkedin.com\\\/company\\\/retarus\"],\"telephone\":\"+49 89 5528 0000\",\"foundingDate\":\"1992-12-02\",\"vatID\":\"DE811459192\"},{\"@type\":\"Person\",\"@id\":\"https:\\\/\\\/www.retarus.com\\\/blog\\\/es\\\/#\\\/schema\\\/person\\\/7f8954d8bf84d75cf384942c5f6cf2e5\",\"name\":\"Thomas Cloer\",\"image\":{\"@type\":\"ImageObject\",\"inLanguage\":\"es\",\"@id\":\"https:\\\/\\\/secure.gravatar.com\\\/avatar\\\/40f29e635bf20bec8e4585fa9ffbe6cd78538b4490bdb632b1d83eea415593b3?s=96&d=mm&r=g\",\"url\":\"https:\\\/\\\/secure.gravatar.com\\\/avatar\\\/40f29e635bf20bec8e4585fa9ffbe6cd78538b4490bdb632b1d83eea415593b3?s=96&d=mm&r=g\",\"contentUrl\":\"https:\\\/\\\/secure.gravatar.com\\\/avatar\\\/40f29e635bf20bec8e4585fa9ffbe6cd78538b4490bdb632b1d83eea415593b3?s=96&d=mm&r=g\",\"caption\":\"Thomas Cloer\"},\"jobTitle\":\"Corporate Blogger\",\"worksFor\":\"retarus GmbH\"}]}<\/script>\n<!-- \/ Yoast SEO Premium plugin. -->","yoast_head_json":{"title":"Novedades en nuestro portal de fax: La biblioteca de portadas. | Retarus Blog","description":"Nuestro portal de fax para empresas cuenta ahora con una nueva y pr\u00e1ctica funci\u00f3n: una biblioteca de portadas, donde se pueden almacenar las portadas para los faxes en formato Word.","robots":{"index":"index","follow":"follow","max-snippet":"max-snippet:-1","max-image-preview":"max-image-preview:large","max-video-preview":"max-video-preview:-1"},"canonical":"https:\/\/www.retarus.com\/blog\/es\/novedades-en-nuestro-portal-de-fax-la-biblioteca-de-documentos\/","og_locale":"es_ES","og_type":"article","og_title":"Novedades en nuestro portal de fax: La biblioteca de portadas.","og_description":"Nuestro portal de fax para empresas cuenta ahora con una nueva y pr\u00e1ctica funci\u00f3n: una biblioteca de portadas, donde se pueden almacenar las portadas para los faxes en formato Word.","og_url":"https:\/\/www.retarus.com\/blog\/es\/novedades-en-nuestro-portal-de-fax-la-biblioteca-de-documentos\/","og_site_name":"Retarus Blog","article_publisher":"https:\/\/www.facebook.com\/retarus","article_published_time":"2025-07-15T14:10:35+00:00","article_modified_time":"2026-08-06T10:19:20+00:00","og_image":[{"width":1920,"height":1080,"url":"https:\/\/www.retarus.com\/blog-transfer\/wp-content\/uploads\/sites\/41\/2026\/07\/Inbound-Starting-page-11.png","type":"image\/png"}],"author":"Thomas Cloer","twitter_card":"summary_large_image","twitter_creator":"@retarus","twitter_site":"@retarus","twitter_misc":{"Escrito por":"Thomas Cloer","Tiempo de lectura":"2 minutos"},"schema":{"@context":"https:\/\/schema.org","@graph":[{"@type":"Article","@id":"https:\/\/www.retarus.com\/blog\/es\/novedades-en-nuestro-portal-de-fax-la-biblioteca-de-documentos\/#article","isPartOf":{"@id":"https:\/\/www.retarus.com\/blog\/es\/novedades-en-nuestro-portal-de-fax-la-biblioteca-de-documentos\/"},"author":{"name":"Thomas Cloer","@id":"https:\/\/www.retarus.com\/blog\/es\/#\/schema\/person\/7f8954d8bf84d75cf384942c5f6cf2e5"},"headline":"Novedades en nuestro portal de fax: La biblioteca de portadas.","datePublished":"2025-07-15T14:10:35+00:00","dateModified":"2026-08-06T10:19:20+00:00","mainEntityOfPage":{"@id":"https:\/\/www.retarus.com\/blog\/es\/novedades-en-nuestro-portal-de-fax-la-biblioteca-de-documentos\/"},"wordCount":289,"commentCount":0,"publisher":{"@id":"https:\/\/www.retarus.com\/blog\/es\/#organization"},"image":{"@id":"https:\/\/www.retarus.com\/blog\/es\/novedades-en-nuestro-portal-de-fax-la-biblioteca-de-documentos\/#primaryimage"},"thumbnailUrl":"https:\/\/www.retarus.com\/blog\/wp-content\/uploads\/sites\/41\/2026\/07\/Inbound-Starting-page-11.png","keywords":["Cloud Fax"],"articleSection":["Comunicaci\u00f3n empresarial"],"inLanguage":"es","potentialAction":[{"@type":"CommentAction","name":"Comment","target":["https:\/\/www.retarus.com\/blog\/es\/novedades-en-nuestro-portal-de-fax-la-biblioteca-de-documentos\/#respond"]}]},{"@type":"WebPage","@id":"https:\/\/www.retarus.com\/blog\/es\/novedades-en-nuestro-portal-de-fax-la-biblioteca-de-documentos\/","url":"https:\/\/www.retarus.com\/blog\/es\/novedades-en-nuestro-portal-de-fax-la-biblioteca-de-documentos\/","name":"Novedades en nuestro portal de fax: La biblioteca de portadas. | Retarus Blog","isPartOf":{"@id":"https:\/\/www.retarus.com\/blog\/es\/#website"},"primaryImageOfPage":{"@id":"https:\/\/www.retarus.com\/blog\/es\/novedades-en-nuestro-portal-de-fax-la-biblioteca-de-documentos\/#primaryimage"},"image":{"@id":"https:\/\/www.retarus.com\/blog\/es\/novedades-en-nuestro-portal-de-fax-la-biblioteca-de-documentos\/#primaryimage"},"thumbnailUrl":"https:\/\/www.retarus.com\/blog\/wp-content\/uploads\/sites\/41\/2026\/07\/Inbound-Starting-page-11.png","datePublished":"2025-07-15T14:10:35+00:00","dateModified":"2026-08-06T10:19:20+00:00","description":"Nuestro portal de fax para empresas cuenta ahora con una nueva y pr\u00e1ctica funci\u00f3n: una biblioteca de portadas, donde se pueden almacenar las portadas para los faxes en formato Word.","breadcrumb":{"@id":"https:\/\/www.retarus.com\/blog\/es\/novedades-en-nuestro-portal-de-fax-la-biblioteca-de-documentos\/#breadcrumb"},"inLanguage":"es","potentialAction":[{"@type":"ReadAction","target":["https:\/\/www.retarus.com\/blog\/es\/novedades-en-nuestro-portal-de-fax-la-biblioteca-de-documentos\/"]}]},{"@type":"ImageObject","inLanguage":"es","@id":"https:\/\/www.retarus.com\/blog\/es\/novedades-en-nuestro-portal-de-fax-la-biblioteca-de-documentos\/#primaryimage","url":"https:\/\/www.retarus.com\/blog\/wp-content\/uploads\/sites\/41\/2026\/07\/Inbound-Starting-page-11.png","contentUrl":"https:\/\/www.retarus.com\/blog\/wp-content\/uploads\/sites\/41\/2026\/07\/Inbound-Starting-page-11.png","width":1920,"height":1080,"caption":"Enterprise Fax Portal - Inbound"},{"@type":"BreadcrumbList","@id":"https:\/\/www.retarus.com\/blog\/es\/novedades-en-nuestro-portal-de-fax-la-biblioteca-de-documentos\/#breadcrumb","itemListElement":[{"@type":"ListItem","position":1,"name":"Home","item":"https:\/\/www.retarus.com\/blog\/es\/"},{"@type":"ListItem","position":2,"name":"Novedades en nuestro portal de fax: La biblioteca de portadas."}]},{"@type":"WebSite","@id":"https:\/\/www.retarus.com\/blog\/es\/#website","url":"https:\/\/www.retarus.com\/blog\/es\/","name":"Retarus Blog","description":"Enterprise Communication &amp; Cybersecurity","publisher":{"@id":"https:\/\/www.retarus.com\/blog\/es\/#organization"},"potentialAction":[{"@type":"SearchAction","target":{"@type":"EntryPoint","urlTemplate":"https:\/\/www.retarus.com\/blog\/es\/?s={search_term_string}"},"query-input":{"@type":"PropertyValueSpecification","valueRequired":true,"valueName":"search_term_string"}}],"inLanguage":"es"},{"@type":"Organization","@id":"https:\/\/www.retarus.com\/blog\/es\/#organization","name":"retarus GmbH","alternateName":"retarus Inc.","url":"https:\/\/www.retarus.com\/blog\/es\/","logo":{"@type":"ImageObject","inLanguage":"es","@id":"https:\/\/www.retarus.com\/blog\/es\/#\/schema\/logo\/image\/","url":"https:\/\/www.retarus.com\/blog\/wp-content\/uploads\/sites\/41\/2026\/08\/retarus_logo_2025.png","contentUrl":"https:\/\/www.retarus.com\/blog\/wp-content\/uploads\/sites\/41\/2026\/08\/retarus_logo_2025.png","width":696,"height":696,"caption":"retarus GmbH"},"image":{"@id":"https:\/\/www.retarus.com\/blog\/es\/#\/schema\/logo\/image\/"},"sameAs":["https:\/\/www.facebook.com\/retarus","https:\/\/x.com\/retarus","https:\/\/www.linkedin.com\/company\/retarus"],"telephone":"+49 89 5528 0000","foundingDate":"1992-12-02","vatID":"DE811459192"},{"@type":"Person","@id":"https:\/\/www.retarus.com\/blog\/es\/#\/schema\/person\/7f8954d8bf84d75cf384942c5f6cf2e5","name":"Thomas Cloer","image":{"@type":"ImageObject","inLanguage":"es","@id":"https:\/\/secure.gravatar.com\/avatar\/40f29e635bf20bec8e4585fa9ffbe6cd78538b4490bdb632b1d83eea415593b3?s=96&d=mm&r=g","url":"https:\/\/secure.gravatar.com\/avatar\/40f29e635bf20bec8e4585fa9ffbe6cd78538b4490bdb632b1d83eea415593b3?s=96&d=mm&r=g","contentUrl":"https:\/\/secure.gravatar.com\/avatar\/40f29e635bf20bec8e4585fa9ffbe6cd78538b4490bdb632b1d83eea415593b3?s=96&d=mm&r=g","caption":"Thomas Cloer"},"jobTitle":"Corporate Blogger","worksFor":"retarus GmbH"}]}},"_links":{"self":[{"href":"https:\/\/www.retarus.com\/blog\/es\/wp-json\/wp\/v2\/posts\/32115","targetHints":{"allow":["GET"]}}],"collection":[{"href":"https:\/\/www.retarus.com\/blog\/es\/wp-json\/wp\/v2\/posts"}],"about":[{"href":"https:\/\/www.retarus.com\/blog\/es\/wp-json\/wp\/v2\/types\/post"}],"author":[{"embeddable":true,"href":"https:\/\/www.retarus.com\/blog\/es\/wp-json\/wp\/v2\/users\/14"}],"replies":[{"embeddable":true,"href":"https:\/\/www.retarus.com\/blog\/es\/wp-json\/wp\/v2\/comments?post=32115"}],"version-history":[{"count":1,"href":"https:\/\/www.retarus.com\/blog\/es\/wp-json\/wp\/v2\/posts\/32115\/revisions"}],"predecessor-version":[{"id":32116,"href":"https:\/\/www.retarus.com\/blog\/es\/wp-json\/wp\/v2\/posts\/32115\/revisions\/32116"}],"wp:featuredmedia":[{"embeddable":true,"href":"https:\/\/www.retarus.com\/blog\/es\/wp-json\/wp\/v2\/media\/14383"}],"wp:attachment":[{"href":"https:\/\/www.retarus.com\/blog\/es\/wp-json\/wp\/v2\/media?parent=32115"}],"wp:term":[{"taxonomy":"category","embeddable":true,"href":"https:\/\/www.retarus.com\/blog\/es\/wp-json\/wp\/v2\/categories?post=32115"},{"taxonomy":"post_tag","embeddable":true,"href":"https:\/\/www.retarus.com\/blog\/es\/wp-json\/wp\/v2\/tags?post=32115"},{"taxonomy":"ret_content_type","embeddable":true,"href":"https:\/\/www.retarus.com\/blog\/es\/wp-json\/wp\/v2\/ret_content_type?post=32115"}],"curies":[{"name":"wp","href":"https:\/\/api.w.org\/{rel}","templated":true}]}}