{"id":30069,"date":"2020-07-20T15:53:06","date_gmt":"2020-07-20T15:53:06","guid":{"rendered":"https:\/\/www.retarus.com\/blog\/la-cour-de-justice-de-l-union-europeenne-a-invalide-le-privacy-shield\/"},"modified":"2026-08-11T13:23:03","modified_gmt":"2026-08-11T13:23:03","slug":"la-cour-de-justice-de-l-union-europeenne-a-invalide-le-privacy-shield","status":"publish","type":"post","link":"https:\/\/www.retarus.com\/blog\/fr\/la-cour-de-justice-de-l-union-europeenne-a-invalide-le-privacy-shield\/","title":{"rendered":"La Cour de justice de l&rsquo;Union europ\u00e9enne a invalid\u00e9 le \u00ab\u00a0Privacy Shield\u00a0\u00bb&#8230; Et maintenant\u00a0?"},"content":{"rendered":" <p class=\"wp-block-paragraph\">Le 16&nbsp;juillet 2020, suite \u00e0 une plainte de l&rsquo;activiste autrichien de la protection des donn\u00e9es Max Schrems, la Cour de justice de l&rsquo;Union europ\u00e9enne a <a aria-label=\"undefined (opens in a new tab)\" href=\"https:\/\/curia.europa.eu\/jcms\/upload\/docs\/application\/pdf\/2020-07\/cp200091fr.pdf\" target=\"_blank\" rel=\"noreferrer noopener\">d\u00e9clar\u00e9 invalide<\/a> l&rsquo;accord sur la protection des donn\u00e9es entre l&rsquo;Union Europ\u00e9enne et les \u00c9tats-Unis d\u00e9nomm\u00e9 \u00ab&nbsp;<a aria-label=\"undefined (opens in a new tab)\" href=\"https:\/\/fr.wikipedia.org\/wiki\/Bouclier_de_protection_des_donn%C3%A9es_UE-%C3%89tats-Unis\" target=\"_blank\" rel=\"noreferrer noopener\">Privacy Shield<\/a>&nbsp;\u00bb. Suite \u00e0 l&rsquo;abolition de la convention \u00ab&nbsp;Safe Harbor&nbsp;\u00bb il y a environ cinq ans, il s&rsquo;agit du deuxi\u00e8me accord sur la protection des donn\u00e9es personnelles de citoyens europ\u00e9ens aux \u00c9tats-Unis ayant \u00e9chou\u00e9. Mais qu&rsquo;est ce que cela signifie pour les entreprises&nbsp;?<\/p>   <p class=\"wp-block-paragraph\">Les entreprises qui jusqu&rsquo;alors traitaient les donn\u00e9es uniquement sur la base du Privacy Shield doivent au minimum s&rsquo;adapter aux clauses contractuelles standard, faute de quoi elles risquent d&rsquo;\u00eatre confront\u00e9es \u00e0 un chaos en mati\u00e8re de donn\u00e9es, selon l&rsquo;association professionnelle <a aria-label=\"undefined (opens in a new tab)\" href=\"https:\/\/www.bitkom.org\/EN\/List-and-detailpages\/Press\/Bitkom-on-the-ECJ-ruling-on-international-data-exchange\" target=\"_blank\" rel=\"noreferrer noopener\">BITKOM<\/a>, qui d\u00e9plore le flou juridique qui en r\u00e9sulte. L&rsquo;association f\u00e9d\u00e9rale des utilisateurs informatiques <a aria-label=\"undefined (opens in a new tab)\" href=\"https:\/\/voice-ev.org\/eugh-urteil-gegen-privacy-shield-voice-fordert-schnell-neues-abkommen-und-mehr-digitale-souveraenitaet\/\" target=\"_blank\" rel=\"noreferrer noopener\">VOICE<\/a>, repr\u00e9sentant les responsables informatiques en Allemagne, de constater qu&rsquo;il est devenu tout simplement ill\u00e9gal de transmettre des donn\u00e9es personnelles aux \u00c9tats-Unis sur la base du Privacy Shield. L&rsquo;association souligne par ailleurs que les clauses contractuelles standard sont \u00e9galement juridiquement contest\u00e9es. Dans ce contexte, comment les entreprises europ\u00e9ennes sont-elles cens\u00e9es garantir la transmission n\u00e9cessaire, sinon existentielle, de donn\u00e9es personnelles aux \u00c9tats-Unis et se prot\u00e9ger d&rsquo;un flux de donn\u00e9es sortantes aux \u00c9tats-Unis&nbsp;?<\/p>   <p class=\"wp-block-paragraph\">Et qu&rsquo;est-ce que cela signifie en ce qui concerne l&rsquo;utilisation des Enterprise Cloud Services de Retarus&nbsp;?<\/p>   <h2 class=\"wp-block-heading\" id=\"h-sichere-antworten-statt-verunsichernder-fragen\">Comment sont prot\u00e9g\u00e9es vos donn\u00e9es : nos r\u00e9ponses \u00e0 vos questions<\/h2>   <p class=\"wp-block-paragraph\"><strong>Oui<\/strong>,<br>pour les clients Retarus bas\u00e9s dans l&rsquo;Union europ\u00e9enne et dans le cadre des services <a aria-label=\"undefined (opens in a new tab)\" href=\"https:\/\/www.retarus.com\/fr\/services\/email-security\/\" target=\"_blank\" rel=\"noreferrer noopener\">e-mail<\/a>, <a aria-label=\"undefined (opens in a new tab)\" href=\"https:\/\/www.retarus.com\/fr\/services\/fax\/\" target=\"_blank\" rel=\"noreferrer noopener\">fax<\/a>, <a aria-label=\"undefined (opens in a new tab)\" href=\"https:\/\/www.retarus.com\/fr\/services\/managed-edi-services\/\" target=\"_blank\" rel=\"noreferrer noopener\">EDI<\/a> et <a aria-label=\"undefined (opens in a new tab)\" href=\"https:\/\/www.retarus.com\/fr\/services\/sms\/\" target=\"_blank\" rel=\"noreferrer noopener\">SMS<\/a>, toutes les donn\u00e9es sont trait\u00e9es exclusivement dans des datacenters europ\u00e9ens.<\/p>   <p class=\"wp-block-paragraph\"><strong>Oui,<\/strong><br>nos services sont conformes \u00e0 toutes les directives europ\u00e9ennes en mati\u00e8re de protection des donn\u00e9es.<\/p>   <p class=\"wp-block-paragraph\"><strong>Non,<\/strong><br>nous n&rsquo;utilisons, dans le cadre de nos services, aucun \u00ab&nbsp;hyperscaler&nbsp;\u00bb am\u00e9ricain ou asiatique.<\/p>   <p class=\"wp-block-paragraph\"><strong>Non,<\/strong><br>Retarus n&rsquo;est pas une filiale d&rsquo;une soci\u00e9t\u00e9 am\u00e9ricaine et ne peut \u00eatre soumise \u00e0 aucune forme de contr\u00f4le par les autorit\u00e9s am\u00e9ricaines.<\/p>   <p class=\"wp-block-paragraph\"><strong>Oui,<\/strong><br>Retarus est une entreprise priv\u00e9e ind\u00e9pendante bas\u00e9e \u00e0 Munich avec des succursales implant\u00e9es dans toute l&rsquo;Europe et active sur de nombreux march\u00e9s internationaux.<\/p>   <p class=\"wp-block-paragraph\"><strong>Oui,<\/strong><br>nous disposons d\u2019une solide exp\u00e9rience d\u2019accompagnement des grandes entreprises qui souhaitent migrer vers la Retarus Enterprise Level Communication platform pour cloudifier leurs communications et leur \u00e9changes de donn\u00e9es confidentielles et sensibles. Rapidement et retour sur investissement \u00e0 la cl\u00e9.<\/p>   <p class=\"wp-block-paragraph\">Il est possible d&rsquo;identifier les fournisseurs transmettant des donn\u00e9es personnelles aux \u00c9tats-Unis sur la base du Privacy Shield de mani\u00e8re rapide au moyen d&rsquo;une simple recherche dans la <a href=\"https:\/\/www.privacyshield.gov\/list\">liste du Privacy Shield<\/a> du minist\u00e8re du Commerce am\u00e9ricain.<\/p>   <p class=\"wp-block-paragraph\">Vous n&rsquo;\u00eates pas encore client de Retarus ? Et vous avez des questions&nbsp;? Consultez d&rsquo;autres r\u00e9ponses sur nos engagements<a href=\"https:\/\/www.retarus.com\/fr\/why-retarus\/compliance-certifications\/\"> en mati\u00e8re de protection<\/a>.<\/p> ","protected":false},"excerpt":{"rendered":"<p>Le 16\u00a0juillet 2020, la Cour de justice de l&rsquo;Union europ\u00e9enne a d\u00e9clar\u00e9 invalide le \u00ab\u00a0Privacy Shield\u00a0\u00bb. Et qu&rsquo;est-ce que cela signifie en ce qui concerne l&rsquo;utilisation des Enterprise Cloud Services de Retarus ?<\/p>\n","protected":false},"author":7,"featured_media":11381,"comment_status":"open","ping_status":"open","sticky":false,"template":"","format":"standard","meta":{"_acf_changed":false,"ret_read_more_text":"","ret_thumb_border":false,"footnotes":""},"categories":[3051,3052],"tags":[1383,1672,1422,1621],"ret_content_type":[3097],"class_list":["post-30069","post","type-post","status-publish","format-standard","has-post-thumbnail","hentry","category-cybersecurite","category-transformation-numerique-et-conformite","tag-data-protection","tag-eugh","tag-privacy-shield","tag-rgpd","ret_content_type-actualites-du-secteur"],"acf":[],"yoast_head":"<!-- This site is optimized with the Yoast SEO Premium plugin v28.3 (Yoast SEO v28.3) - https:\/\/yoast.com\/product\/yoast-seo-premium-wordpress\/ -->\n<title>La Cour de justice de l&#039;Union europ\u00e9enne a invalid\u00e9 le \u00ab\u00a0Privacy Shield\u00a0\u00bb... Et maintenant\u00a0? | Retarus Blog<\/title>\n<meta name=\"description\" content=\"Der EuGH hat am 16. Juli 2020 den EU-US \u201ePrivacy Shield\u201c f\u00fcr ung\u00fcltig erkl\u00e4rt. Was bedeutet das eigentlich f\u00fcr die Nutzung der Enterprise Cloud Services von Retarus?\" \/>\n<meta name=\"robots\" content=\"index, follow, max-snippet:-1, max-image-preview:large, max-video-preview:-1\" \/>\n<link rel=\"canonical\" href=\"https:\/\/www.retarus.com\/blog\/fr\/la-cour-de-justice-de-l-union-europeenne-a-invalide-le-privacy-shield\/\" \/>\n<meta property=\"og:locale\" content=\"fr_FR\" \/>\n<meta property=\"og:type\" content=\"article\" \/>\n<meta property=\"og:title\" content=\"La Cour de justice de l&#039;Union europ\u00e9enne a invalid\u00e9 le \u00ab\u00a0Privacy Shield\u00a0\u00bb... Et maintenant\u00a0?\" \/>\n<meta property=\"og:description\" content=\"Le 16\u00a0juillet 2020, la Cour de justice de l&#039;Union europ\u00e9enne a d\u00e9clar\u00e9 invalide le \u00ab\u00a0Privacy Shield\u00a0\u00bb. Et qu&#039;est-ce que cela signifie en ce qui concerne l&#039;utilisation des Enterprise Cloud Services de Retarus ?\" \/>\n<meta property=\"og:url\" content=\"https:\/\/www.retarus.com\/blog\/fr\/la-cour-de-justice-de-l-union-europeenne-a-invalide-le-privacy-shield\/\" \/>\n<meta property=\"og:site_name\" content=\"Retarus Blog\" \/>\n<meta property=\"article:publisher\" content=\"https:\/\/www.facebook.com\/retarus\" \/>\n<meta property=\"article:published_time\" content=\"2020-07-20T15:53:06+00:00\" \/>\n<meta property=\"article:modified_time\" content=\"2026-08-11T13:23:03+00:00\" \/>\n<meta property=\"og:image\" content=\"https:\/\/www.retarus.com\/blog-transfer\/wp-content\/uploads\/sites\/41\/2026\/07\/200721_4-Retarus-On-GDPR_de-5.jpg\" \/>\n\t<meta property=\"og:image:width\" content=\"1282\" \/>\n\t<meta property=\"og:image:height\" content=\"720\" \/>\n\t<meta property=\"og:image:type\" content=\"image\/jpeg\" \/>\n<meta name=\"author\" content=\"Alexander H\u00fcls\" \/>\n<meta name=\"twitter:card\" content=\"summary_large_image\" \/>\n<meta name=\"twitter:creator\" content=\"@retarus\" \/>\n<meta name=\"twitter:site\" content=\"@retarus\" \/>\n<meta name=\"twitter:label1\" content=\"\u00c9crit par\" \/>\n\t<meta name=\"twitter:data1\" content=\"Alexander H\u00fcls\" \/>\n\t<meta name=\"twitter:label2\" content=\"Dur\u00e9e de lecture estim\u00e9e\" \/>\n\t<meta name=\"twitter:data2\" content=\"2 minutes\" \/>\n<script type=\"application\/ld+json\" class=\"yoast-schema-graph\">{\"@context\":\"https:\\\/\\\/schema.org\",\"@graph\":[{\"@type\":\"Article\",\"@id\":\"https:\\\/\\\/www.retarus.com\\\/blog\\\/fr\\\/la-cour-de-justice-de-l-union-europeenne-a-invalide-le-privacy-shield\\\/#article\",\"isPartOf\":{\"@id\":\"https:\\\/\\\/www.retarus.com\\\/blog\\\/fr\\\/la-cour-de-justice-de-l-union-europeenne-a-invalide-le-privacy-shield\\\/\"},\"author\":{\"name\":\"Alexander H\u00fcls\",\"@id\":\"https:\\\/\\\/www.retarus.com\\\/blog\\\/fr\\\/#\\\/schema\\\/person\\\/5dbabd3b8a406ebd06fe0769cedd6c7a\"},\"headline\":\"La Cour de justice de l&rsquo;Union europ\u00e9enne a invalid\u00e9 le \u00ab\u00a0Privacy Shield\u00a0\u00bb&#8230; Et maintenant\u00a0?\",\"datePublished\":\"2020-07-20T15:53:06+00:00\",\"dateModified\":\"2026-08-11T13:23:03+00:00\",\"mainEntityOfPage\":{\"@id\":\"https:\\\/\\\/www.retarus.com\\\/blog\\\/fr\\\/la-cour-de-justice-de-l-union-europeenne-a-invalide-le-privacy-shield\\\/\"},\"wordCount\":543,\"commentCount\":0,\"publisher\":{\"@id\":\"https:\\\/\\\/www.retarus.com\\\/blog\\\/fr\\\/#organization\"},\"image\":{\"@id\":\"https:\\\/\\\/www.retarus.com\\\/blog\\\/fr\\\/la-cour-de-justice-de-l-union-europeenne-a-invalide-le-privacy-shield\\\/#primaryimage\"},\"thumbnailUrl\":\"https:\\\/\\\/www.retarus.com\\\/blog\\\/wp-content\\\/uploads\\\/sites\\\/41\\\/2026\\\/07\\\/200721_4-Retarus-On-GDPR_de-5.jpg\",\"keywords\":[\"Data Protection\",\"EuGH\",\"Privacy Shield\",\"RGPD\"],\"articleSection\":[\"Cybers\u00e9curit\u00e9\",\"Transformation num\u00e9rique et conformit\u00e9\"],\"inLanguage\":\"fr-FR\",\"potentialAction\":[{\"@type\":\"CommentAction\",\"name\":\"Comment\",\"target\":[\"https:\\\/\\\/www.retarus.com\\\/blog\\\/fr\\\/la-cour-de-justice-de-l-union-europeenne-a-invalide-le-privacy-shield\\\/#respond\"]}]},{\"@type\":\"WebPage\",\"@id\":\"https:\\\/\\\/www.retarus.com\\\/blog\\\/fr\\\/la-cour-de-justice-de-l-union-europeenne-a-invalide-le-privacy-shield\\\/\",\"url\":\"https:\\\/\\\/www.retarus.com\\\/blog\\\/fr\\\/la-cour-de-justice-de-l-union-europeenne-a-invalide-le-privacy-shield\\\/\",\"name\":\"La Cour de justice de l'Union europ\u00e9enne a invalid\u00e9 le \u00ab\u00a0Privacy Shield\u00a0\u00bb... Et maintenant\u00a0? | Retarus Blog\",\"isPartOf\":{\"@id\":\"https:\\\/\\\/www.retarus.com\\\/blog\\\/fr\\\/#website\"},\"primaryImageOfPage\":{\"@id\":\"https:\\\/\\\/www.retarus.com\\\/blog\\\/fr\\\/la-cour-de-justice-de-l-union-europeenne-a-invalide-le-privacy-shield\\\/#primaryimage\"},\"image\":{\"@id\":\"https:\\\/\\\/www.retarus.com\\\/blog\\\/fr\\\/la-cour-de-justice-de-l-union-europeenne-a-invalide-le-privacy-shield\\\/#primaryimage\"},\"thumbnailUrl\":\"https:\\\/\\\/www.retarus.com\\\/blog\\\/wp-content\\\/uploads\\\/sites\\\/41\\\/2026\\\/07\\\/200721_4-Retarus-On-GDPR_de-5.jpg\",\"datePublished\":\"2020-07-20T15:53:06+00:00\",\"dateModified\":\"2026-08-11T13:23:03+00:00\",\"description\":\"Der EuGH hat am 16. Juli 2020 den EU-US \u201ePrivacy Shield\u201c f\u00fcr ung\u00fcltig erkl\u00e4rt. Was bedeutet das eigentlich f\u00fcr die Nutzung der Enterprise Cloud Services von Retarus?\",\"breadcrumb\":{\"@id\":\"https:\\\/\\\/www.retarus.com\\\/blog\\\/fr\\\/la-cour-de-justice-de-l-union-europeenne-a-invalide-le-privacy-shield\\\/#breadcrumb\"},\"inLanguage\":\"fr-FR\",\"potentialAction\":[{\"@type\":\"ReadAction\",\"target\":[\"https:\\\/\\\/www.retarus.com\\\/blog\\\/fr\\\/la-cour-de-justice-de-l-union-europeenne-a-invalide-le-privacy-shield\\\/\"]}]},{\"@type\":\"ImageObject\",\"inLanguage\":\"fr-FR\",\"@id\":\"https:\\\/\\\/www.retarus.com\\\/blog\\\/fr\\\/la-cour-de-justice-de-l-union-europeenne-a-invalide-le-privacy-shield\\\/#primaryimage\",\"url\":\"https:\\\/\\\/www.retarus.com\\\/blog\\\/wp-content\\\/uploads\\\/sites\\\/41\\\/2026\\\/07\\\/200721_4-Retarus-On-GDPR_de-5.jpg\",\"contentUrl\":\"https:\\\/\\\/www.retarus.com\\\/blog\\\/wp-content\\\/uploads\\\/sites\\\/41\\\/2026\\\/07\\\/200721_4-Retarus-On-GDPR_de-5.jpg\",\"width\":1282,\"height\":720},{\"@type\":\"BreadcrumbList\",\"@id\":\"https:\\\/\\\/www.retarus.com\\\/blog\\\/fr\\\/la-cour-de-justice-de-l-union-europeenne-a-invalide-le-privacy-shield\\\/#breadcrumb\",\"itemListElement\":[{\"@type\":\"ListItem\",\"position\":1,\"name\":\"Home\",\"item\":\"https:\\\/\\\/www.retarus.com\\\/blog\\\/fr\\\/\"},{\"@type\":\"ListItem\",\"position\":2,\"name\":\"La Cour de justice de l&#8217;Union europ\u00e9enne a invalid\u00e9 le \u00ab\u00a0Privacy Shield\u00a0\u00bb&#8230; Et maintenant\u00a0?\"}]},{\"@type\":\"WebSite\",\"@id\":\"https:\\\/\\\/www.retarus.com\\\/blog\\\/fr\\\/#website\",\"url\":\"https:\\\/\\\/www.retarus.com\\\/blog\\\/fr\\\/\",\"name\":\"Retarus Blog\",\"description\":\"Enterprise Communication &amp; Cybersecurity\",\"publisher\":{\"@id\":\"https:\\\/\\\/www.retarus.com\\\/blog\\\/fr\\\/#organization\"},\"potentialAction\":[{\"@type\":\"SearchAction\",\"target\":{\"@type\":\"EntryPoint\",\"urlTemplate\":\"https:\\\/\\\/www.retarus.com\\\/blog\\\/fr\\\/?s={search_term_string}\"},\"query-input\":{\"@type\":\"PropertyValueSpecification\",\"valueRequired\":true,\"valueName\":\"search_term_string\"}}],\"inLanguage\":\"fr-FR\"},{\"@type\":\"Organization\",\"@id\":\"https:\\\/\\\/www.retarus.com\\\/blog\\\/fr\\\/#organization\",\"name\":\"retarus GmbH\",\"alternateName\":\"retarus Inc.\",\"url\":\"https:\\\/\\\/www.retarus.com\\\/blog\\\/fr\\\/\",\"logo\":{\"@type\":\"ImageObject\",\"inLanguage\":\"fr-FR\",\"@id\":\"https:\\\/\\\/www.retarus.com\\\/blog\\\/fr\\\/#\\\/schema\\\/logo\\\/image\\\/\",\"url\":\"https:\\\/\\\/www.retarus.com\\\/blog\\\/wp-content\\\/uploads\\\/sites\\\/41\\\/2026\\\/08\\\/retarus_logo_2025.png\",\"contentUrl\":\"https:\\\/\\\/www.retarus.com\\\/blog\\\/wp-content\\\/uploads\\\/sites\\\/41\\\/2026\\\/08\\\/retarus_logo_2025.png\",\"width\":696,\"height\":696,\"caption\":\"retarus GmbH\"},\"image\":{\"@id\":\"https:\\\/\\\/www.retarus.com\\\/blog\\\/fr\\\/#\\\/schema\\\/logo\\\/image\\\/\"},\"sameAs\":[\"https:\\\/\\\/www.facebook.com\\\/retarus\",\"https:\\\/\\\/x.com\\\/retarus\",\"https:\\\/\\\/www.linkedin.com\\\/company\\\/retarus\"],\"telephone\":\"+49 89 5528 0000\",\"foundingDate\":\"1992-12-02\",\"vatID\":\"DE811459192\"},{\"@type\":\"Person\",\"@id\":\"https:\\\/\\\/www.retarus.com\\\/blog\\\/fr\\\/#\\\/schema\\\/person\\\/5dbabd3b8a406ebd06fe0769cedd6c7a\",\"name\":\"Alexander H\u00fcls\",\"image\":{\"@type\":\"ImageObject\",\"inLanguage\":\"fr-FR\",\"@id\":\"https:\\\/\\\/secure.gravatar.com\\\/avatar\\\/1298ffe9eec838000b2875fff383c1cc82c8e75d41d341f5bf7e7dd2d88c4baf?s=96&d=mm&r=g\",\"url\":\"https:\\\/\\\/secure.gravatar.com\\\/avatar\\\/1298ffe9eec838000b2875fff383c1cc82c8e75d41d341f5bf7e7dd2d88c4baf?s=96&d=mm&r=g\",\"contentUrl\":\"https:\\\/\\\/secure.gravatar.com\\\/avatar\\\/1298ffe9eec838000b2875fff383c1cc82c8e75d41d341f5bf7e7dd2d88c4baf?s=96&d=mm&r=g\",\"caption\":\"Alexander H\u00fcls\"},\"jobTitle\":\"Senior Content Marketing Texter\",\"worksFor\":\"Alexander H\u00fcls\"}]}<\/script>\n<!-- \/ Yoast SEO Premium plugin. -->","yoast_head_json":{"title":"La Cour de justice de l'Union europ\u00e9enne a invalid\u00e9 le \u00ab\u00a0Privacy Shield\u00a0\u00bb... Et maintenant\u00a0? | Retarus Blog","description":"Der EuGH hat am 16. Juli 2020 den EU-US \u201ePrivacy Shield\u201c f\u00fcr ung\u00fcltig erkl\u00e4rt. Was bedeutet das eigentlich f\u00fcr die Nutzung der Enterprise Cloud Services von Retarus?","robots":{"index":"index","follow":"follow","max-snippet":"max-snippet:-1","max-image-preview":"max-image-preview:large","max-video-preview":"max-video-preview:-1"},"canonical":"https:\/\/www.retarus.com\/blog\/fr\/la-cour-de-justice-de-l-union-europeenne-a-invalide-le-privacy-shield\/","og_locale":"fr_FR","og_type":"article","og_title":"La Cour de justice de l'Union europ\u00e9enne a invalid\u00e9 le \u00ab\u00a0Privacy Shield\u00a0\u00bb... Et maintenant\u00a0?","og_description":"Le 16\u00a0juillet 2020, la Cour de justice de l'Union europ\u00e9enne a d\u00e9clar\u00e9 invalide le \u00ab\u00a0Privacy Shield\u00a0\u00bb. Et qu'est-ce que cela signifie en ce qui concerne l'utilisation des Enterprise Cloud Services de Retarus ?","og_url":"https:\/\/www.retarus.com\/blog\/fr\/la-cour-de-justice-de-l-union-europeenne-a-invalide-le-privacy-shield\/","og_site_name":"Retarus Blog","article_publisher":"https:\/\/www.facebook.com\/retarus","article_published_time":"2020-07-20T15:53:06+00:00","article_modified_time":"2026-08-11T13:23:03+00:00","og_image":[{"width":1282,"height":720,"url":"https:\/\/www.retarus.com\/blog-transfer\/wp-content\/uploads\/sites\/41\/2026\/07\/200721_4-Retarus-On-GDPR_de-5.jpg","type":"image\/jpeg"}],"author":"Alexander H\u00fcls","twitter_card":"summary_large_image","twitter_creator":"@retarus","twitter_site":"@retarus","twitter_misc":{"\u00c9crit par":"Alexander H\u00fcls","Dur\u00e9e de lecture estim\u00e9e":"2 minutes"},"schema":{"@context":"https:\/\/schema.org","@graph":[{"@type":"Article","@id":"https:\/\/www.retarus.com\/blog\/fr\/la-cour-de-justice-de-l-union-europeenne-a-invalide-le-privacy-shield\/#article","isPartOf":{"@id":"https:\/\/www.retarus.com\/blog\/fr\/la-cour-de-justice-de-l-union-europeenne-a-invalide-le-privacy-shield\/"},"author":{"name":"Alexander H\u00fcls","@id":"https:\/\/www.retarus.com\/blog\/fr\/#\/schema\/person\/5dbabd3b8a406ebd06fe0769cedd6c7a"},"headline":"La Cour de justice de l&rsquo;Union europ\u00e9enne a invalid\u00e9 le \u00ab\u00a0Privacy Shield\u00a0\u00bb&#8230; Et maintenant\u00a0?","datePublished":"2020-07-20T15:53:06+00:00","dateModified":"2026-08-11T13:23:03+00:00","mainEntityOfPage":{"@id":"https:\/\/www.retarus.com\/blog\/fr\/la-cour-de-justice-de-l-union-europeenne-a-invalide-le-privacy-shield\/"},"wordCount":543,"commentCount":0,"publisher":{"@id":"https:\/\/www.retarus.com\/blog\/fr\/#organization"},"image":{"@id":"https:\/\/www.retarus.com\/blog\/fr\/la-cour-de-justice-de-l-union-europeenne-a-invalide-le-privacy-shield\/#primaryimage"},"thumbnailUrl":"https:\/\/www.retarus.com\/blog\/wp-content\/uploads\/sites\/41\/2026\/07\/200721_4-Retarus-On-GDPR_de-5.jpg","keywords":["Data Protection","EuGH","Privacy Shield","RGPD"],"articleSection":["Cybers\u00e9curit\u00e9","Transformation num\u00e9rique et conformit\u00e9"],"inLanguage":"fr-FR","potentialAction":[{"@type":"CommentAction","name":"Comment","target":["https:\/\/www.retarus.com\/blog\/fr\/la-cour-de-justice-de-l-union-europeenne-a-invalide-le-privacy-shield\/#respond"]}]},{"@type":"WebPage","@id":"https:\/\/www.retarus.com\/blog\/fr\/la-cour-de-justice-de-l-union-europeenne-a-invalide-le-privacy-shield\/","url":"https:\/\/www.retarus.com\/blog\/fr\/la-cour-de-justice-de-l-union-europeenne-a-invalide-le-privacy-shield\/","name":"La Cour de justice de l'Union europ\u00e9enne a invalid\u00e9 le \u00ab\u00a0Privacy Shield\u00a0\u00bb... Et maintenant\u00a0? | Retarus Blog","isPartOf":{"@id":"https:\/\/www.retarus.com\/blog\/fr\/#website"},"primaryImageOfPage":{"@id":"https:\/\/www.retarus.com\/blog\/fr\/la-cour-de-justice-de-l-union-europeenne-a-invalide-le-privacy-shield\/#primaryimage"},"image":{"@id":"https:\/\/www.retarus.com\/blog\/fr\/la-cour-de-justice-de-l-union-europeenne-a-invalide-le-privacy-shield\/#primaryimage"},"thumbnailUrl":"https:\/\/www.retarus.com\/blog\/wp-content\/uploads\/sites\/41\/2026\/07\/200721_4-Retarus-On-GDPR_de-5.jpg","datePublished":"2020-07-20T15:53:06+00:00","dateModified":"2026-08-11T13:23:03+00:00","description":"Der EuGH hat am 16. Juli 2020 den EU-US \u201ePrivacy Shield\u201c f\u00fcr ung\u00fcltig erkl\u00e4rt. Was bedeutet das eigentlich f\u00fcr die Nutzung der Enterprise Cloud Services von Retarus?","breadcrumb":{"@id":"https:\/\/www.retarus.com\/blog\/fr\/la-cour-de-justice-de-l-union-europeenne-a-invalide-le-privacy-shield\/#breadcrumb"},"inLanguage":"fr-FR","potentialAction":[{"@type":"ReadAction","target":["https:\/\/www.retarus.com\/blog\/fr\/la-cour-de-justice-de-l-union-europeenne-a-invalide-le-privacy-shield\/"]}]},{"@type":"ImageObject","inLanguage":"fr-FR","@id":"https:\/\/www.retarus.com\/blog\/fr\/la-cour-de-justice-de-l-union-europeenne-a-invalide-le-privacy-shield\/#primaryimage","url":"https:\/\/www.retarus.com\/blog\/wp-content\/uploads\/sites\/41\/2026\/07\/200721_4-Retarus-On-GDPR_de-5.jpg","contentUrl":"https:\/\/www.retarus.com\/blog\/wp-content\/uploads\/sites\/41\/2026\/07\/200721_4-Retarus-On-GDPR_de-5.jpg","width":1282,"height":720},{"@type":"BreadcrumbList","@id":"https:\/\/www.retarus.com\/blog\/fr\/la-cour-de-justice-de-l-union-europeenne-a-invalide-le-privacy-shield\/#breadcrumb","itemListElement":[{"@type":"ListItem","position":1,"name":"Home","item":"https:\/\/www.retarus.com\/blog\/fr\/"},{"@type":"ListItem","position":2,"name":"La Cour de justice de l&#8217;Union europ\u00e9enne a invalid\u00e9 le \u00ab\u00a0Privacy Shield\u00a0\u00bb&#8230; Et maintenant\u00a0?"}]},{"@type":"WebSite","@id":"https:\/\/www.retarus.com\/blog\/fr\/#website","url":"https:\/\/www.retarus.com\/blog\/fr\/","name":"Retarus Blog","description":"Enterprise Communication &amp; Cybersecurity","publisher":{"@id":"https:\/\/www.retarus.com\/blog\/fr\/#organization"},"potentialAction":[{"@type":"SearchAction","target":{"@type":"EntryPoint","urlTemplate":"https:\/\/www.retarus.com\/blog\/fr\/?s={search_term_string}"},"query-input":{"@type":"PropertyValueSpecification","valueRequired":true,"valueName":"search_term_string"}}],"inLanguage":"fr-FR"},{"@type":"Organization","@id":"https:\/\/www.retarus.com\/blog\/fr\/#organization","name":"retarus GmbH","alternateName":"retarus Inc.","url":"https:\/\/www.retarus.com\/blog\/fr\/","logo":{"@type":"ImageObject","inLanguage":"fr-FR","@id":"https:\/\/www.retarus.com\/blog\/fr\/#\/schema\/logo\/image\/","url":"https:\/\/www.retarus.com\/blog\/wp-content\/uploads\/sites\/41\/2026\/08\/retarus_logo_2025.png","contentUrl":"https:\/\/www.retarus.com\/blog\/wp-content\/uploads\/sites\/41\/2026\/08\/retarus_logo_2025.png","width":696,"height":696,"caption":"retarus GmbH"},"image":{"@id":"https:\/\/www.retarus.com\/blog\/fr\/#\/schema\/logo\/image\/"},"sameAs":["https:\/\/www.facebook.com\/retarus","https:\/\/x.com\/retarus","https:\/\/www.linkedin.com\/company\/retarus"],"telephone":"+49 89 5528 0000","foundingDate":"1992-12-02","vatID":"DE811459192"},{"@type":"Person","@id":"https:\/\/www.retarus.com\/blog\/fr\/#\/schema\/person\/5dbabd3b8a406ebd06fe0769cedd6c7a","name":"Alexander H\u00fcls","image":{"@type":"ImageObject","inLanguage":"fr-FR","@id":"https:\/\/secure.gravatar.com\/avatar\/1298ffe9eec838000b2875fff383c1cc82c8e75d41d341f5bf7e7dd2d88c4baf?s=96&d=mm&r=g","url":"https:\/\/secure.gravatar.com\/avatar\/1298ffe9eec838000b2875fff383c1cc82c8e75d41d341f5bf7e7dd2d88c4baf?s=96&d=mm&r=g","contentUrl":"https:\/\/secure.gravatar.com\/avatar\/1298ffe9eec838000b2875fff383c1cc82c8e75d41d341f5bf7e7dd2d88c4baf?s=96&d=mm&r=g","caption":"Alexander H\u00fcls"},"jobTitle":"Senior Content Marketing Texter","worksFor":"Alexander H\u00fcls"}]}},"_links":{"self":[{"href":"https:\/\/www.retarus.com\/blog\/fr\/wp-json\/wp\/v2\/posts\/30069","targetHints":{"allow":["GET"]}}],"collection":[{"href":"https:\/\/www.retarus.com\/blog\/fr\/wp-json\/wp\/v2\/posts"}],"about":[{"href":"https:\/\/www.retarus.com\/blog\/fr\/wp-json\/wp\/v2\/types\/post"}],"author":[{"embeddable":true,"href":"https:\/\/www.retarus.com\/blog\/fr\/wp-json\/wp\/v2\/users\/7"}],"replies":[{"embeddable":true,"href":"https:\/\/www.retarus.com\/blog\/fr\/wp-json\/wp\/v2\/comments?post=30069"}],"version-history":[{"count":1,"href":"https:\/\/www.retarus.com\/blog\/fr\/wp-json\/wp\/v2\/posts\/30069\/revisions"}],"predecessor-version":[{"id":37716,"href":"https:\/\/www.retarus.com\/blog\/fr\/wp-json\/wp\/v2\/posts\/30069\/revisions\/37716"}],"wp:featuredmedia":[{"embeddable":true,"href":"https:\/\/www.retarus.com\/blog\/fr\/wp-json\/wp\/v2\/media\/11381"}],"wp:attachment":[{"href":"https:\/\/www.retarus.com\/blog\/fr\/wp-json\/wp\/v2\/media?parent=30069"}],"wp:term":[{"taxonomy":"category","embeddable":true,"href":"https:\/\/www.retarus.com\/blog\/fr\/wp-json\/wp\/v2\/categories?post=30069"},{"taxonomy":"post_tag","embeddable":true,"href":"https:\/\/www.retarus.com\/blog\/fr\/wp-json\/wp\/v2\/tags?post=30069"},{"taxonomy":"ret_content_type","embeddable":true,"href":"https:\/\/www.retarus.com\/blog\/fr\/wp-json\/wp\/v2\/ret_content_type?post=30069"}],"curies":[{"name":"wp","href":"https:\/\/api.w.org\/{rel}","templated":true}]}}