{"id":40730,"date":"2026-08-05T06:39:16","date_gmt":"2026-08-05T04:39:16","guid":{"rendered":"https:\/\/www.retarus.com\/blog\/pour-la-quatrieme-fois-retarus-figure-parmi-les-50-meilleures-entreprises-de-baviere\/"},"modified":"2026-09-01T15:06:20","modified_gmt":"2026-09-01T13:06:20","slug":"pour-la-quatrieme-fois-retarus-figure-parmi-les-50-meilleures-entreprises-de-baviere","status":"publish","type":"post","link":"https:\/\/www.retarus.com\/blog\/fr\/pour-la-quatrieme-fois-retarus-figure-parmi-les-50-meilleures-entreprises-de-baviere\/","title":{"rendered":"Pour la quatri\u00e8me fois, Retarus figure parmi les \u00ab 50 meilleures entreprises de Bavi\u00e8re \u00bb"},"content":{"rendered":"\n<p class=\"wp-block-paragraph\">Nous sommes ravis de cette <a href=\"https:\/\/www.stmwi.bayern.de\/wettbewerbe\/bayerns-best-50\/\">distinction d\u00e9cern\u00e9e par le minist\u00e8re bavarois de l&rsquo;\u00c9conomie<\/a>, qui r\u00e9compense les PME bavaroises affichant la plus forte croissance. Cette nouvelle distinction confirme que l&rsquo;accent que nous mettons sur la souverainet\u00e9 num\u00e9rique, la r\u00e9silience op\u00e9rationnelle et la conformit\u00e9 r\u00e9glementaire r\u00e9pond aux exigences des march\u00e9s internationaux. <br\/><br\/>Bien avant que la souverainet\u00e9 num\u00e9rique ne devienne un enjeu central, nous avons syst\u00e9matiquement investi dans notre propre technologie, une infrastructure enti\u00e8rement g\u00e9r\u00e9e en interne et des centres de donn\u00e9es europ\u00e9ens. Aujourd\u2019hui, les entreprises et les administrations font confiance \u00e0 Retarus pour la num\u00e9risation de leur infrastructure de messagerie. <br\/><br\/>Notre <a href=\"https:\/\/www.retarus.com\/fr\/company\/leadership\/\">directeur g\u00e9n\u00e9ral et fondateur, Martin Hager, ainsi que notre directeur financier, Robert Sandner<\/a>, ont re\u00e7u ce prix jeudi dernier au ch\u00e2teau de Schlei\u00dfheim, pr\u00e8s de Munich.<\/p>\n\n<div style=\"height:20px\" aria-hidden=\"true\" class=\"wp-block-spacer\"><\/div>\n\n<figure data-wp-context=\"{&quot;imageId&quot;:&quot;6a98f8063bb93&quot;}\" data-wp-interactive=\"core\/image\" data-wp-key=\"6a98f8063bb93\" class=\"wp-block-image size-large wp-lightbox-container\"><img loading=\"lazy\" decoding=\"async\" width=\"1024\" height=\"682\" data-wp-class--hide=\"state.isContentHidden\" data-wp-class--show=\"state.isContentVisible\" data-wp-init=\"callbacks.setButtonStyles\" data-wp-on--click=\"actions.showLightbox\" data-wp-on--load=\"callbacks.setButtonStyles\" data-wp-on--pointerdown=\"actions.preloadImage\" data-wp-on--pointerenter=\"actions.preloadImageWithDelay\" data-wp-on--pointerleave=\"actions.cancelPreload\" data-wp-on-window--resize=\"callbacks.setButtonStyles\" src=\"https:\/\/www.retarus.com\/blog\/wp-content\/uploads\/sites\/41\/2026\/08\/V7701_6678_32-BB50-Oberbayern_Copyright-SX-Heuser-1024x682.jpg\" alt=\"\" class=\"wp-image-34591\" srcset=\"https:\/\/www.retarus.com\/blog\/wp-content\/uploads\/sites\/41\/2026\/08\/V7701_6678_32-BB50-Oberbayern_Copyright-SX-Heuser-1024x682.jpg 1024w, https:\/\/www.retarus.com\/blog\/wp-content\/uploads\/sites\/41\/2026\/08\/V7701_6678_32-BB50-Oberbayern_Copyright-SX-Heuser-300x200.jpg 300w, https:\/\/www.retarus.com\/blog\/wp-content\/uploads\/sites\/41\/2026\/08\/V7701_6678_32-BB50-Oberbayern_Copyright-SX-Heuser-768x511.jpg 768w, https:\/\/www.retarus.com\/blog\/wp-content\/uploads\/sites\/41\/2026\/08\/V7701_6678_32-BB50-Oberbayern_Copyright-SX-Heuser-1536x1023.jpg 1536w, https:\/\/www.retarus.com\/blog\/wp-content\/uploads\/sites\/41\/2026\/08\/V7701_6678_32-BB50-Oberbayern_Copyright-SX-Heuser-2048x1364.jpg 2048w, https:\/\/www.retarus.com\/blog\/wp-content\/uploads\/sites\/41\/2026\/08\/V7701_6678_32-BB50-Oberbayern_Copyright-SX-Heuser-360x239.jpg 360w\" sizes=\"auto, (max-width: 1024px) 100vw, 1024px\" \/><button\n\t\t\tclass=\"lightbox-trigger\"\n\t\t\ttype=\"button\"\n\t\t\taria-haspopup=\"dialog\"\n\t\t\tdata-wp-bind--aria-label=\"state.thisImage.triggerButtonAriaLabel\"\n\t\t\tdata-wp-init=\"callbacks.initTriggerButton\"\n\t\t\tdata-wp-on--click=\"actions.showLightbox\"\n\t\t\tdata-wp-style--right=\"state.thisImage.buttonRight\"\n\t\t\tdata-wp-style--top=\"state.thisImage.buttonTop\"\n\t\t>\n\t\t\t<svg xmlns=\"http:\/\/www.w3.org\/2000\/svg\" width=\"12\" height=\"12\" fill=\"none\" viewBox=\"0 0 12 12\">\n\t\t\t\t<path fill=\"#fff\" d=\"M2 0a2 2 0 0 0-2 2v2h1.5V2a.5.5 0 0 1 .5-.5h2V0H2Zm2 10.5H2a.5.5 0 0 1-.5-.5V8H0v2a2 2 0 0 0 2 2h2v-1.5ZM8 12v-1.5h2a.5.5 0 0 0 .5-.5V8H12v2a2 2 0 0 1-2 2H8Zm2-12a2 2 0 0 1 2 2v2h-1.5V2a.5.5 0 0 0-.5-.5H8V0h2Z\" \/>\n\t\t\t<\/svg>\n\t\t<\/button><\/figure>\n\n<div style=\"height:20px\" aria-hidden=\"true\" class=\"wp-block-spacer\"><\/div>\n\n<p class=\"wp-block-paragraph\">Si cela vous int\u00e9resse, vous trouverez de plus amples informations dans notre <a href=\"https:\/\/www.retarus.com\/press\/retarus-zum-vierten-mal-unter-bayerns-best-50\/\">communiqu\u00e9 de presse actuel<\/a>.<\/p>\n","protected":false},"excerpt":{"rendered":"<p>Nous sommes ravis de cette distinction d\u00e9cern\u00e9e par le minist\u00e8re bavarois de l&rsquo;\u00c9conomie, qui r\u00e9compense les PME bavaroises affichant la plus forte croissance.<\/p>\n","protected":false},"author":14,"featured_media":40729,"comment_status":"open","ping_status":"open","sticky":false,"template":"","format":"standard","meta":{"_acf_changed":false,"ret_read_more_text":"","ret_thumb_border":false,"footnotes":""},"categories":[3141],"tags":[3169,3170],"ret_content_type":[3109],"class_list":["post-40730","post","type-post","status-publish","format-standard","has-post-thumbnail","hentry","category-entreprise-et-marche","tag-resilience","tag-souverainete","ret_content_type-temoignages-de-clients"],"acf":[],"yoast_head":"<!-- This site is optimized with the Yoast SEO Premium plugin v28.3 (Yoast SEO v28.3) - https:\/\/yoast.com\/product\/yoast-seo-premium-wordpress\/ -->\n<title>Pour la quatri\u00e8me fois, Retarus figure parmi les \u00ab 50 meilleures entreprises de Bavi\u00e8re \u00bb | Retarus Blog<\/title>\n<meta name=\"description\" content=\"Nous sommes ravis de cette distinction d\u00e9cern\u00e9e par le minist\u00e8re bavarois de l&#039;\u00c9conomie, qui r\u00e9compense les PME bavaroises affichant la plus forte croissance.\" \/>\n<meta name=\"robots\" content=\"index, follow, max-snippet:-1, max-image-preview:large, max-video-preview:-1\" \/>\n<link rel=\"canonical\" href=\"https:\/\/www.retarus.com\/blog\/fr\/pour-la-quatrieme-fois-retarus-figure-parmi-les-50-meilleures-entreprises-de-baviere\/\" \/>\n<meta property=\"og:locale\" content=\"fr_FR\" \/>\n<meta property=\"og:type\" content=\"article\" \/>\n<meta property=\"og:title\" content=\"Pour la quatri\u00e8me fois, Retarus figure parmi les \u00ab 50 meilleures entreprises de Bavi\u00e8re \u00bb\" \/>\n<meta property=\"og:description\" content=\"Nous sommes ravis de cette distinction d\u00e9cern\u00e9e par le minist\u00e8re bavarois de l&#039;\u00c9conomie, qui r\u00e9compense les PME bavaroises affichant la plus forte croissance.\" \/>\n<meta property=\"og:url\" content=\"https:\/\/www.retarus.com\/blog\/fr\/pour-la-quatrieme-fois-retarus-figure-parmi-les-50-meilleures-entreprises-de-baviere\/\" \/>\n<meta property=\"og:site_name\" content=\"Retarus Blog\" \/>\n<meta property=\"article:publisher\" content=\"https:\/\/www.facebook.com\/retarus\" \/>\n<meta property=\"article:published_time\" content=\"2026-08-05T04:39:16+00:00\" \/>\n<meta property=\"article:modified_time\" content=\"2026-09-01T13:06:20+00:00\" \/>\n<meta property=\"og:image\" content=\"https:\/\/www.retarus.com\/blog\/wp-content\/uploads\/sites\/41\/2026\/08\/BB_Signets_2026.jpg\" \/>\n\t<meta property=\"og:image:width\" content=\"1575\" \/>\n\t<meta property=\"og:image:height\" content=\"886\" \/>\n\t<meta property=\"og:image:type\" content=\"image\/jpeg\" \/>\n<meta name=\"author\" content=\"Thomas Cloer\" \/>\n<meta name=\"twitter:card\" content=\"summary_large_image\" \/>\n<meta name=\"twitter:creator\" content=\"@retarus\" \/>\n<meta name=\"twitter:site\" content=\"@retarus\" \/>\n<meta name=\"twitter:label1\" content=\"\u00c9crit par\" \/>\n\t<meta name=\"twitter:data1\" content=\"Thomas Cloer\" \/>\n\t<meta name=\"twitter:label2\" content=\"Dur\u00e9e de lecture estim\u00e9e\" \/>\n\t<meta name=\"twitter:data2\" content=\"1 minute\" \/>\n<script type=\"application\/ld+json\" class=\"yoast-schema-graph\">{\"@context\":\"https:\\\/\\\/schema.org\",\"@graph\":[{\"@type\":\"Article\",\"@id\":\"https:\\\/\\\/www.retarus.com\\\/blog\\\/fr\\\/pour-la-quatrieme-fois-retarus-figure-parmi-les-50-meilleures-entreprises-de-baviere\\\/#article\",\"isPartOf\":{\"@id\":\"https:\\\/\\\/www.retarus.com\\\/blog\\\/fr\\\/pour-la-quatrieme-fois-retarus-figure-parmi-les-50-meilleures-entreprises-de-baviere\\\/\"},\"author\":{\"name\":\"Thomas Cloer\",\"@id\":\"https:\\\/\\\/www.retarus.com\\\/blog\\\/fr\\\/#\\\/schema\\\/person\\\/7f8954d8bf84d75cf384942c5f6cf2e5\"},\"headline\":\"Pour la quatri\u00e8me fois, Retarus figure parmi les \u00ab 50 meilleures entreprises de Bavi\u00e8re \u00bb\",\"datePublished\":\"2026-08-05T04:39:16+00:00\",\"dateModified\":\"2026-09-01T13:06:20+00:00\",\"mainEntityOfPage\":{\"@id\":\"https:\\\/\\\/www.retarus.com\\\/blog\\\/fr\\\/pour-la-quatrieme-fois-retarus-figure-parmi-les-50-meilleures-entreprises-de-baviere\\\/\"},\"wordCount\":182,\"commentCount\":0,\"publisher\":{\"@id\":\"https:\\\/\\\/www.retarus.com\\\/blog\\\/fr\\\/#organization\"},\"image\":{\"@id\":\"https:\\\/\\\/www.retarus.com\\\/blog\\\/fr\\\/pour-la-quatrieme-fois-retarus-figure-parmi-les-50-meilleures-entreprises-de-baviere\\\/#primaryimage\"},\"thumbnailUrl\":\"https:\\\/\\\/www.retarus.com\\\/blog\\\/wp-content\\\/uploads\\\/sites\\\/41\\\/2026\\\/08\\\/BB_Signets_2026.jpg\",\"keywords\":[\"R\u00e9silience\",\"Souverainet\u00e9\"],\"articleSection\":[\"Entreprise et march\u00e9\"],\"inLanguage\":\"fr-FR\",\"potentialAction\":[{\"@type\":\"CommentAction\",\"name\":\"Comment\",\"target\":[\"https:\\\/\\\/www.retarus.com\\\/blog\\\/fr\\\/pour-la-quatrieme-fois-retarus-figure-parmi-les-50-meilleures-entreprises-de-baviere\\\/#respond\"]}]},{\"@type\":\"WebPage\",\"@id\":\"https:\\\/\\\/www.retarus.com\\\/blog\\\/fr\\\/pour-la-quatrieme-fois-retarus-figure-parmi-les-50-meilleures-entreprises-de-baviere\\\/\",\"url\":\"https:\\\/\\\/www.retarus.com\\\/blog\\\/fr\\\/pour-la-quatrieme-fois-retarus-figure-parmi-les-50-meilleures-entreprises-de-baviere\\\/\",\"name\":\"Pour la quatri\u00e8me fois, Retarus figure parmi les \u00ab 50 meilleures entreprises de Bavi\u00e8re \u00bb | Retarus Blog\",\"isPartOf\":{\"@id\":\"https:\\\/\\\/www.retarus.com\\\/blog\\\/fr\\\/#website\"},\"primaryImageOfPage\":{\"@id\":\"https:\\\/\\\/www.retarus.com\\\/blog\\\/fr\\\/pour-la-quatrieme-fois-retarus-figure-parmi-les-50-meilleures-entreprises-de-baviere\\\/#primaryimage\"},\"image\":{\"@id\":\"https:\\\/\\\/www.retarus.com\\\/blog\\\/fr\\\/pour-la-quatrieme-fois-retarus-figure-parmi-les-50-meilleures-entreprises-de-baviere\\\/#primaryimage\"},\"thumbnailUrl\":\"https:\\\/\\\/www.retarus.com\\\/blog\\\/wp-content\\\/uploads\\\/sites\\\/41\\\/2026\\\/08\\\/BB_Signets_2026.jpg\",\"datePublished\":\"2026-08-05T04:39:16+00:00\",\"dateModified\":\"2026-09-01T13:06:20+00:00\",\"description\":\"Nous sommes ravis de cette distinction d\u00e9cern\u00e9e par le minist\u00e8re bavarois de l'\u00c9conomie, qui r\u00e9compense les PME bavaroises affichant la plus forte croissance.\",\"breadcrumb\":{\"@id\":\"https:\\\/\\\/www.retarus.com\\\/blog\\\/fr\\\/pour-la-quatrieme-fois-retarus-figure-parmi-les-50-meilleures-entreprises-de-baviere\\\/#breadcrumb\"},\"inLanguage\":\"fr-FR\",\"potentialAction\":[{\"@type\":\"ReadAction\",\"target\":[\"https:\\\/\\\/www.retarus.com\\\/blog\\\/fr\\\/pour-la-quatrieme-fois-retarus-figure-parmi-les-50-meilleures-entreprises-de-baviere\\\/\"]}]},{\"@type\":\"ImageObject\",\"inLanguage\":\"fr-FR\",\"@id\":\"https:\\\/\\\/www.retarus.com\\\/blog\\\/fr\\\/pour-la-quatrieme-fois-retarus-figure-parmi-les-50-meilleures-entreprises-de-baviere\\\/#primaryimage\",\"url\":\"https:\\\/\\\/www.retarus.com\\\/blog\\\/wp-content\\\/uploads\\\/sites\\\/41\\\/2026\\\/08\\\/BB_Signets_2026.jpg\",\"contentUrl\":\"https:\\\/\\\/www.retarus.com\\\/blog\\\/wp-content\\\/uploads\\\/sites\\\/41\\\/2026\\\/08\\\/BB_Signets_2026.jpg\",\"width\":1575,\"height\":886},{\"@type\":\"BreadcrumbList\",\"@id\":\"https:\\\/\\\/www.retarus.com\\\/blog\\\/fr\\\/pour-la-quatrieme-fois-retarus-figure-parmi-les-50-meilleures-entreprises-de-baviere\\\/#breadcrumb\",\"itemListElement\":[{\"@type\":\"ListItem\",\"position\":1,\"name\":\"Home\",\"item\":\"https:\\\/\\\/www.retarus.com\\\/blog\\\/fr\\\/\"},{\"@type\":\"ListItem\",\"position\":2,\"name\":\"Pour la quatri\u00e8me fois, Retarus figure parmi les \u00ab 50 meilleures entreprises de Bavi\u00e8re \u00bb\"}]},{\"@type\":\"WebSite\",\"@id\":\"https:\\\/\\\/www.retarus.com\\\/blog\\\/fr\\\/#website\",\"url\":\"https:\\\/\\\/www.retarus.com\\\/blog\\\/fr\\\/\",\"name\":\"Retarus Blog\",\"description\":\"Enterprise Communication &amp; Cybersecurity\",\"publisher\":{\"@id\":\"https:\\\/\\\/www.retarus.com\\\/blog\\\/fr\\\/#organization\"},\"potentialAction\":[{\"@type\":\"SearchAction\",\"target\":{\"@type\":\"EntryPoint\",\"urlTemplate\":\"https:\\\/\\\/www.retarus.com\\\/blog\\\/fr\\\/?s={search_term_string}\"},\"query-input\":{\"@type\":\"PropertyValueSpecification\",\"valueRequired\":true,\"valueName\":\"search_term_string\"}}],\"inLanguage\":\"fr-FR\"},{\"@type\":\"Organization\",\"@id\":\"https:\\\/\\\/www.retarus.com\\\/blog\\\/fr\\\/#organization\",\"name\":\"retarus GmbH\",\"alternateName\":\"retarus Inc.\",\"url\":\"https:\\\/\\\/www.retarus.com\\\/blog\\\/fr\\\/\",\"logo\":{\"@type\":\"ImageObject\",\"inLanguage\":\"fr-FR\",\"@id\":\"https:\\\/\\\/www.retarus.com\\\/blog\\\/fr\\\/#\\\/schema\\\/logo\\\/image\\\/\",\"url\":\"https:\\\/\\\/www.retarus.com\\\/blog\\\/wp-content\\\/uploads\\\/sites\\\/41\\\/2026\\\/08\\\/retarus_logo_2025.png\",\"contentUrl\":\"https:\\\/\\\/www.retarus.com\\\/blog\\\/wp-content\\\/uploads\\\/sites\\\/41\\\/2026\\\/08\\\/retarus_logo_2025.png\",\"width\":696,\"height\":696,\"caption\":\"retarus GmbH\"},\"image\":{\"@id\":\"https:\\\/\\\/www.retarus.com\\\/blog\\\/fr\\\/#\\\/schema\\\/logo\\\/image\\\/\"},\"sameAs\":[\"https:\\\/\\\/www.facebook.com\\\/retarus\",\"https:\\\/\\\/x.com\\\/retarus\",\"https:\\\/\\\/www.linkedin.com\\\/company\\\/retarus\"],\"telephone\":\"+49 89 5528 0000\",\"foundingDate\":\"1992-12-02\",\"vatID\":\"DE811459192\"},{\"@type\":\"Person\",\"@id\":\"https:\\\/\\\/www.retarus.com\\\/blog\\\/fr\\\/#\\\/schema\\\/person\\\/7f8954d8bf84d75cf384942c5f6cf2e5\",\"name\":\"Thomas Cloer\",\"image\":{\"@type\":\"ImageObject\",\"inLanguage\":\"fr-FR\",\"@id\":\"https:\\\/\\\/secure.gravatar.com\\\/avatar\\\/40f29e635bf20bec8e4585fa9ffbe6cd78538b4490bdb632b1d83eea415593b3?s=96&d=mm&r=g\",\"url\":\"https:\\\/\\\/secure.gravatar.com\\\/avatar\\\/40f29e635bf20bec8e4585fa9ffbe6cd78538b4490bdb632b1d83eea415593b3?s=96&d=mm&r=g\",\"contentUrl\":\"https:\\\/\\\/secure.gravatar.com\\\/avatar\\\/40f29e635bf20bec8e4585fa9ffbe6cd78538b4490bdb632b1d83eea415593b3?s=96&d=mm&r=g\",\"caption\":\"Thomas Cloer\"},\"jobTitle\":\"Corporate Blogger\",\"worksFor\":\"retarus GmbH\"}]}<\/script>\n<!-- \/ Yoast SEO Premium plugin. -->","yoast_head_json":{"title":"Pour la quatri\u00e8me fois, Retarus figure parmi les \u00ab 50 meilleures entreprises de Bavi\u00e8re \u00bb | Retarus Blog","description":"Nous sommes ravis de cette distinction d\u00e9cern\u00e9e par le minist\u00e8re bavarois de l'\u00c9conomie, qui r\u00e9compense les PME bavaroises affichant la plus forte croissance.","robots":{"index":"index","follow":"follow","max-snippet":"max-snippet:-1","max-image-preview":"max-image-preview:large","max-video-preview":"max-video-preview:-1"},"canonical":"https:\/\/www.retarus.com\/blog\/fr\/pour-la-quatrieme-fois-retarus-figure-parmi-les-50-meilleures-entreprises-de-baviere\/","og_locale":"fr_FR","og_type":"article","og_title":"Pour la quatri\u00e8me fois, Retarus figure parmi les \u00ab 50 meilleures entreprises de Bavi\u00e8re \u00bb","og_description":"Nous sommes ravis de cette distinction d\u00e9cern\u00e9e par le minist\u00e8re bavarois de l'\u00c9conomie, qui r\u00e9compense les PME bavaroises affichant la plus forte croissance.","og_url":"https:\/\/www.retarus.com\/blog\/fr\/pour-la-quatrieme-fois-retarus-figure-parmi-les-50-meilleures-entreprises-de-baviere\/","og_site_name":"Retarus Blog","article_publisher":"https:\/\/www.facebook.com\/retarus","article_published_time":"2026-08-05T04:39:16+00:00","article_modified_time":"2026-09-01T13:06:20+00:00","og_image":[{"width":1575,"height":886,"url":"https:\/\/www.retarus.com\/blog\/wp-content\/uploads\/sites\/41\/2026\/08\/BB_Signets_2026.jpg","type":"image\/jpeg"}],"author":"Thomas Cloer","twitter_card":"summary_large_image","twitter_creator":"@retarus","twitter_site":"@retarus","twitter_misc":{"\u00c9crit par":"Thomas Cloer","Dur\u00e9e de lecture estim\u00e9e":"1 minute"},"schema":{"@context":"https:\/\/schema.org","@graph":[{"@type":"Article","@id":"https:\/\/www.retarus.com\/blog\/fr\/pour-la-quatrieme-fois-retarus-figure-parmi-les-50-meilleures-entreprises-de-baviere\/#article","isPartOf":{"@id":"https:\/\/www.retarus.com\/blog\/fr\/pour-la-quatrieme-fois-retarus-figure-parmi-les-50-meilleures-entreprises-de-baviere\/"},"author":{"name":"Thomas Cloer","@id":"https:\/\/www.retarus.com\/blog\/fr\/#\/schema\/person\/7f8954d8bf84d75cf384942c5f6cf2e5"},"headline":"Pour la quatri\u00e8me fois, Retarus figure parmi les \u00ab 50 meilleures entreprises de Bavi\u00e8re \u00bb","datePublished":"2026-08-05T04:39:16+00:00","dateModified":"2026-09-01T13:06:20+00:00","mainEntityOfPage":{"@id":"https:\/\/www.retarus.com\/blog\/fr\/pour-la-quatrieme-fois-retarus-figure-parmi-les-50-meilleures-entreprises-de-baviere\/"},"wordCount":182,"commentCount":0,"publisher":{"@id":"https:\/\/www.retarus.com\/blog\/fr\/#organization"},"image":{"@id":"https:\/\/www.retarus.com\/blog\/fr\/pour-la-quatrieme-fois-retarus-figure-parmi-les-50-meilleures-entreprises-de-baviere\/#primaryimage"},"thumbnailUrl":"https:\/\/www.retarus.com\/blog\/wp-content\/uploads\/sites\/41\/2026\/08\/BB_Signets_2026.jpg","keywords":["R\u00e9silience","Souverainet\u00e9"],"articleSection":["Entreprise et march\u00e9"],"inLanguage":"fr-FR","potentialAction":[{"@type":"CommentAction","name":"Comment","target":["https:\/\/www.retarus.com\/blog\/fr\/pour-la-quatrieme-fois-retarus-figure-parmi-les-50-meilleures-entreprises-de-baviere\/#respond"]}]},{"@type":"WebPage","@id":"https:\/\/www.retarus.com\/blog\/fr\/pour-la-quatrieme-fois-retarus-figure-parmi-les-50-meilleures-entreprises-de-baviere\/","url":"https:\/\/www.retarus.com\/blog\/fr\/pour-la-quatrieme-fois-retarus-figure-parmi-les-50-meilleures-entreprises-de-baviere\/","name":"Pour la quatri\u00e8me fois, Retarus figure parmi les \u00ab 50 meilleures entreprises de Bavi\u00e8re \u00bb | Retarus Blog","isPartOf":{"@id":"https:\/\/www.retarus.com\/blog\/fr\/#website"},"primaryImageOfPage":{"@id":"https:\/\/www.retarus.com\/blog\/fr\/pour-la-quatrieme-fois-retarus-figure-parmi-les-50-meilleures-entreprises-de-baviere\/#primaryimage"},"image":{"@id":"https:\/\/www.retarus.com\/blog\/fr\/pour-la-quatrieme-fois-retarus-figure-parmi-les-50-meilleures-entreprises-de-baviere\/#primaryimage"},"thumbnailUrl":"https:\/\/www.retarus.com\/blog\/wp-content\/uploads\/sites\/41\/2026\/08\/BB_Signets_2026.jpg","datePublished":"2026-08-05T04:39:16+00:00","dateModified":"2026-09-01T13:06:20+00:00","description":"Nous sommes ravis de cette distinction d\u00e9cern\u00e9e par le minist\u00e8re bavarois de l'\u00c9conomie, qui r\u00e9compense les PME bavaroises affichant la plus forte croissance.","breadcrumb":{"@id":"https:\/\/www.retarus.com\/blog\/fr\/pour-la-quatrieme-fois-retarus-figure-parmi-les-50-meilleures-entreprises-de-baviere\/#breadcrumb"},"inLanguage":"fr-FR","potentialAction":[{"@type":"ReadAction","target":["https:\/\/www.retarus.com\/blog\/fr\/pour-la-quatrieme-fois-retarus-figure-parmi-les-50-meilleures-entreprises-de-baviere\/"]}]},{"@type":"ImageObject","inLanguage":"fr-FR","@id":"https:\/\/www.retarus.com\/blog\/fr\/pour-la-quatrieme-fois-retarus-figure-parmi-les-50-meilleures-entreprises-de-baviere\/#primaryimage","url":"https:\/\/www.retarus.com\/blog\/wp-content\/uploads\/sites\/41\/2026\/08\/BB_Signets_2026.jpg","contentUrl":"https:\/\/www.retarus.com\/blog\/wp-content\/uploads\/sites\/41\/2026\/08\/BB_Signets_2026.jpg","width":1575,"height":886},{"@type":"BreadcrumbList","@id":"https:\/\/www.retarus.com\/blog\/fr\/pour-la-quatrieme-fois-retarus-figure-parmi-les-50-meilleures-entreprises-de-baviere\/#breadcrumb","itemListElement":[{"@type":"ListItem","position":1,"name":"Home","item":"https:\/\/www.retarus.com\/blog\/fr\/"},{"@type":"ListItem","position":2,"name":"Pour la quatri\u00e8me fois, Retarus figure parmi les \u00ab 50 meilleures entreprises de Bavi\u00e8re \u00bb"}]},{"@type":"WebSite","@id":"https:\/\/www.retarus.com\/blog\/fr\/#website","url":"https:\/\/www.retarus.com\/blog\/fr\/","name":"Retarus Blog","description":"Enterprise Communication &amp; Cybersecurity","publisher":{"@id":"https:\/\/www.retarus.com\/blog\/fr\/#organization"},"potentialAction":[{"@type":"SearchAction","target":{"@type":"EntryPoint","urlTemplate":"https:\/\/www.retarus.com\/blog\/fr\/?s={search_term_string}"},"query-input":{"@type":"PropertyValueSpecification","valueRequired":true,"valueName":"search_term_string"}}],"inLanguage":"fr-FR"},{"@type":"Organization","@id":"https:\/\/www.retarus.com\/blog\/fr\/#organization","name":"retarus GmbH","alternateName":"retarus Inc.","url":"https:\/\/www.retarus.com\/blog\/fr\/","logo":{"@type":"ImageObject","inLanguage":"fr-FR","@id":"https:\/\/www.retarus.com\/blog\/fr\/#\/schema\/logo\/image\/","url":"https:\/\/www.retarus.com\/blog\/wp-content\/uploads\/sites\/41\/2026\/08\/retarus_logo_2025.png","contentUrl":"https:\/\/www.retarus.com\/blog\/wp-content\/uploads\/sites\/41\/2026\/08\/retarus_logo_2025.png","width":696,"height":696,"caption":"retarus GmbH"},"image":{"@id":"https:\/\/www.retarus.com\/blog\/fr\/#\/schema\/logo\/image\/"},"sameAs":["https:\/\/www.facebook.com\/retarus","https:\/\/x.com\/retarus","https:\/\/www.linkedin.com\/company\/retarus"],"telephone":"+49 89 5528 0000","foundingDate":"1992-12-02","vatID":"DE811459192"},{"@type":"Person","@id":"https:\/\/www.retarus.com\/blog\/fr\/#\/schema\/person\/7f8954d8bf84d75cf384942c5f6cf2e5","name":"Thomas Cloer","image":{"@type":"ImageObject","inLanguage":"fr-FR","@id":"https:\/\/secure.gravatar.com\/avatar\/40f29e635bf20bec8e4585fa9ffbe6cd78538b4490bdb632b1d83eea415593b3?s=96&d=mm&r=g","url":"https:\/\/secure.gravatar.com\/avatar\/40f29e635bf20bec8e4585fa9ffbe6cd78538b4490bdb632b1d83eea415593b3?s=96&d=mm&r=g","contentUrl":"https:\/\/secure.gravatar.com\/avatar\/40f29e635bf20bec8e4585fa9ffbe6cd78538b4490bdb632b1d83eea415593b3?s=96&d=mm&r=g","caption":"Thomas Cloer"},"jobTitle":"Corporate Blogger","worksFor":"retarus GmbH"}]}},"_links":{"self":[{"href":"https:\/\/www.retarus.com\/blog\/fr\/wp-json\/wp\/v2\/posts\/40730","targetHints":{"allow":["GET"]}}],"collection":[{"href":"https:\/\/www.retarus.com\/blog\/fr\/wp-json\/wp\/v2\/posts"}],"about":[{"href":"https:\/\/www.retarus.com\/blog\/fr\/wp-json\/wp\/v2\/types\/post"}],"author":[{"embeddable":true,"href":"https:\/\/www.retarus.com\/blog\/fr\/wp-json\/wp\/v2\/users\/14"}],"replies":[{"embeddable":true,"href":"https:\/\/www.retarus.com\/blog\/fr\/wp-json\/wp\/v2\/comments?post=40730"}],"version-history":[{"count":2,"href":"https:\/\/www.retarus.com\/blog\/fr\/wp-json\/wp\/v2\/posts\/40730\/revisions"}],"predecessor-version":[{"id":40733,"href":"https:\/\/www.retarus.com\/blog\/fr\/wp-json\/wp\/v2\/posts\/40730\/revisions\/40733"}],"wp:featuredmedia":[{"embeddable":true,"href":"https:\/\/www.retarus.com\/blog\/fr\/wp-json\/wp\/v2\/media\/40729"}],"wp:attachment":[{"href":"https:\/\/www.retarus.com\/blog\/fr\/wp-json\/wp\/v2\/media?parent=40730"}],"wp:term":[{"taxonomy":"category","embeddable":true,"href":"https:\/\/www.retarus.com\/blog\/fr\/wp-json\/wp\/v2\/categories?post=40730"},{"taxonomy":"post_tag","embeddable":true,"href":"https:\/\/www.retarus.com\/blog\/fr\/wp-json\/wp\/v2\/tags?post=40730"},{"taxonomy":"ret_content_type","embeddable":true,"href":"https:\/\/www.retarus.com\/blog\/fr\/wp-json\/wp\/v2\/ret_content_type?post=40730"}],"curies":[{"name":"wp","href":"https:\/\/api.w.org\/{rel}","templated":true}]}}